{"id":12143,"date":"2022-02-17T12:30:36","date_gmt":"2022-02-17T15:30:36","guid":{"rendered":"http:\/\/infoactual.com.ar\/?p=12143"},"modified":"2022-02-17T12:30:37","modified_gmt":"2022-02-17T15:30:37","slug":"tras-las-marchas-camioneros-anuncio-acuerdo-por-la-cobertura-de-las-art","status":"publish","type":"post","link":"https:\/\/infoactual.com.ar\/index.php\/2022\/02\/17\/tras-las-marchas-camioneros-anuncio-acuerdo-por-la-cobertura-de-las-art\/","title":{"rendered":"TRAS LAS MARCHAS, CAMIONEROS ANUNCI\u00d3 ACUERDO POR LA COBERTURA DE LAS ART"},"content":{"rendered":"\n<p><strong>La Federaci\u00f3n Nacional de Trabajadores Camioneros anunci\u00f3 hoy un acuerdo para que se continu\u00e9 liquidando la licencia de los trabajadores que se contagien de Covid, conflicto por el cual el gremio de los Moyano hab\u00eda realizado marchas a los ministerios de Trabajo y de Salud.<\/strong><\/p>\n\n\n\n<p>&nbsp; &nbsp;\u00abLuego de la lucha que hemos mantenido estos \u00faltimos 15 d\u00edas a los compa\u00f1eros que en el mes de enero tuvieron descuentos por tener la mala suerte de contagiarse, donde se descontaron vi\u00e1ticos, comida y otros \u00edtems, que ese dinero va a ser reintegrado en los pr\u00f3ximos haberes y a partir de este momento no se le va a descontar\u00bb, celebr\u00f3 el secretario adjunto de Camioneros, Pablo Moyano.<\/p>\n\n\n\n<p>&nbsp;&nbsp; De esta forma, los Moyano dieron por terminado el conflicto por la cobertura de las ART, que hab\u00eda derivado en una situaci\u00f3n de tensi\u00f3n con el Gobierno, que se neg\u00f3 a prorrogar la cobertura.<\/p>\n\n\n\n<p>&nbsp;&nbsp; \u00abLos trabajadores se contagiaron laburando, trabajando, no como ocurri\u00f3 con algunos funcionarios veraneando, porque hemos sido y seguimos siendo esenciales\u00bb, se\u00f1al\u00f3 Pablo Moyano.<\/p>\n\n\n\n<p>&nbsp;&nbsp; El hijo de Hugo Moyano agradeci\u00f3 a los miles de trabajadores que se movilizaron en defensa de sus derechos: \u00abQuiero felicitar y saludar a todas las Ramas de la actividad y a los compa\u00f1eros de la Federaci\u00f3n Nacional de Trabajadores Camioneros que participaron de las dos masivas marchas\u00bb, remarc\u00f3.<\/p>\n\n\n\n<p>&nbsp;&nbsp; La semana pasada, en la marcha que hizo al Ministerio de Salud, el secretario adjunto hab\u00eda advertido que si no hab\u00eda una respuesta favorable al reclamo de las ART, este jueves iban a \u00abreventar la Plaza de Mayo hasta que se devuelva hasta el \u00faltimo centavo a los trabajadores\u00bb.<\/p>\n\n\n\n<p>&nbsp;&nbsp; \u00abNo vamos a permitir que sigan estos abusos contra nuestros afiliados. A un compa\u00f1ero le descontaron 18.000 pesos porque estuvo ocho d\u00edas con Covid. Y a otro de Walmart, 19.200 pesos porque falt\u00f3 una semana\u00bb, hab\u00eda manifestado en aquella oportunidad.<\/p>\n","protected":false},"excerpt":{"rendered":"<p>La Federaci\u00f3n Nacional de Trabajadores Camioneros anunci\u00f3 hoy un acuerdo para que se continu\u00e9 liquidando la licencia de los trabajadores que se contagien de Covid, conflicto por el cual el gremio de los Moyano hab\u00eda realizado marchas a los ministerios de Trabajo y de Salud. &nbsp; &nbsp;\u00abLuego de la lucha que hemos mantenido estos \u00faltimos [&hellip;]<\/p>\n","protected":false},"author":2,"featured_media":12144,"comment_status":"open","ping_status":"open","sticky":false,"template":"","format":"standard","meta":{"footnotes":""},"categories":[46],"tags":[48],"class_list":["post-12143","post","type-post","status-publish","format-standard","has-post-thumbnail","hentry","category-gremial","tag-destacada"],"_links":{"self":[{"href":"https:\/\/infoactual.com.ar\/index.php\/wp-json\/wp\/v2\/posts\/12143","targetHints":{"allow":["GET"]}}],"collection":[{"href":"https:\/\/infoactual.com.ar\/index.php\/wp-json\/wp\/v2\/posts"}],"about":[{"href":"https:\/\/infoactual.com.ar\/index.php\/wp-json\/wp\/v2\/types\/post"}],"author":[{"embeddable":true,"href":"https:\/\/infoactual.com.ar\/index.php\/wp-json\/wp\/v2\/users\/2"}],"replies":[{"embeddable":true,"href":"https:\/\/infoactual.com.ar\/index.php\/wp-json\/wp\/v2\/comments?post=12143"}],"version-history":[{"count":1,"href":"https:\/\/infoactual.com.ar\/index.php\/wp-json\/wp\/v2\/posts\/12143\/revisions"}],"predecessor-version":[{"id":12145,"href":"https:\/\/infoactual.com.ar\/index.php\/wp-json\/wp\/v2\/posts\/12143\/revisions\/12145"}],"wp:featuredmedia":[{"embeddable":true,"href":"https:\/\/infoactual.com.ar\/index.php\/wp-json\/wp\/v2\/media\/12144"}],"wp:attachment":[{"href":"https:\/\/infoactual.com.ar\/index.php\/wp-json\/wp\/v2\/media?parent=12143"}],"wp:term":[{"taxonomy":"category","embeddable":true,"href":"https:\/\/infoactual.com.ar\/index.php\/wp-json\/wp\/v2\/categories?post=12143"},{"taxonomy":"post_tag","embeddable":true,"href":"https:\/\/infoactual.com.ar\/index.php\/wp-json\/wp\/v2\/tags?post=12143"}],"curies":[{"name":"wp","href":"https:\/\/api.w.org\/{rel}","templated":true}]}}