{"id":12149,"date":"2022-02-17T13:09:44","date_gmt":"2022-02-17T16:09:44","guid":{"rendered":"http:\/\/infoactual.com.ar\/?p=12149"},"modified":"2022-02-17T13:09:45","modified_gmt":"2022-02-17T16:09:45","slug":"schiaretti-reclamo-una-ley-federal-y-equitativa-para-establecer-los-subsidios-de-tarifas","status":"publish","type":"post","link":"https:\/\/infoactual.com.ar\/index.php\/2022\/02\/17\/schiaretti-reclamo-una-ley-federal-y-equitativa-para-establecer-los-subsidios-de-tarifas\/","title":{"rendered":"SCHIARETTI RECLAM\u00d3 UNA LEY FEDERAL Y \u00abEQUITATIVA\u00bb PARA ESTABLECER LOS SUBSIDIOS DE TARIFAS"},"content":{"rendered":"\n<p><strong>El gobernador de C\u00f3rdoba, Juan Schiaretti, se\u00f1al\u00f3 hoy que \u00abno es la soluci\u00f3n\u00bb sacarle fondos s\u00f3lo a una jurisdicci\u00f3n, en referencia a la Ciudad de Buenos Aires, y reclam\u00f3 a la Naci\u00f3n una \u00abley racional, equitativa y federal\u00bb para fijar los subsidios a las tarifas de servicios.<\/strong><\/p>\n\n\n\n<p>&nbsp; &nbsp;En medio de las tensiones entre las gestiones de Alberto Fern\u00e1ndez y Horacio Rodr\u00edguez Larreta, el cordob\u00e9s busco hacer equilibrio en funci\u00f3n de mantener una buena relaci\u00f3n con la Casa Rosada y adem\u00e1s no generar malestar con Juntos por el Cambio en una provincia donde ese sector pol\u00edtico suele obtener buenos resultados electorales.<\/p>\n\n\n\n<p>&nbsp;&nbsp; \u00abNo es soluci\u00f3n que le quiten los subsidios a una jurisdicci\u00f3n, como es CABA, para intentar mitigar la injusticia que hay con el interior de la patria. Nosotros queremos una ley racional, equitativa y federal. Eso es cuidar la Patria de los argentinos, consider\u00e1ndolos a todos por igual\u00bb, sostuvo Schiaretti durante una ceremonia que encabez\u00f3.<\/p>\n\n\n\n<p>&nbsp;&nbsp; Durante la presentaci\u00f3n de un nuevo hospital de alta complejidad que se construir\u00e1 en la ciudad de C\u00f3rdoba, Schiaretti record\u00f3 que el a\u00f1o pasado Naci\u00f3n gast\u00f3 161.000 millones de pesos en el AMBA -Capital y Conurbano bonaerense- de un total de 189 mil millones.<\/p>\n\n\n\n<p>&nbsp;&nbsp; \u00ab28 mil millones fueron para el interior del pa\u00eds y eso explica que all\u00e1 (en Buenos Aires) el pasaje est\u00e9 18 pesos mientras ac\u00e1 cerca de 60. Es una situaci\u00f3n es absolutamente injusta\u00bb, agreg\u00f3 el gobernador peronista.<\/p>\n\n\n\n<p>&nbsp;&nbsp; En ese sentido, resalto que \u00abla manera de cambiar\u00bb esa injusticia a un mecanismo \u00abracional y con criterio\u00bb es \u00abtomando toda la masa de subsidios y repartirlo con par\u00e1metros objetivos que est\u00e1n y existen como es la cantidad de colectivos que est\u00e1n inscriptos en el Registro Automotor\u00bb.<\/p>\n\n\n\n<p>&nbsp;&nbsp; \u00abEso permitir\u00e1 que el interior reciba m\u00e1s recursos. Queremos una ley objetiva con par\u00e1metros, que llegue a las 23 provincias y a Capital tambi\u00e9n. Eso es ser racional, equitativos y federal\u00bb, insisti\u00f3.<\/p>\n\n\n\n<p>&nbsp;&nbsp; Las declaraciones de Schiaretti se formularon en momentos en que el Gobierno nacional busca traspasar 32 l\u00edneas de colectivos a la Ciudad de Buenos Aires, lo que implicar\u00eda 14.600 millones de pesos en subsidios que la Rosada dejar\u00e1 de girar a la administraci\u00f3n porte\u00f1a.<\/p>\n\n\n\n<p>&nbsp;&nbsp; En ese sentido, d\u00edas atr\u00e1s, el gobernador cordob\u00e9s hab\u00eda dicho que impulsar\u00e1 en el Congreso un proyecto de ley para que los fondos nacionales de asistencia al transporte incluyan tanto al AMBA como al interior del pa\u00eds \u00absin distinci\u00f3n alguna\u00bb.<\/p>\n","protected":false},"excerpt":{"rendered":"<p>El gobernador de C\u00f3rdoba, Juan Schiaretti, se\u00f1al\u00f3 hoy que \u00abno es la soluci\u00f3n\u00bb sacarle fondos s\u00f3lo a una jurisdicci\u00f3n, en referencia a la Ciudad de Buenos Aires, y reclam\u00f3 a la Naci\u00f3n una \u00abley racional, equitativa y federal\u00bb para fijar los subsidios a las tarifas de servicios. &nbsp; &nbsp;En medio de las tensiones entre las [&hellip;]<\/p>\n","protected":false},"author":2,"featured_media":12150,"comment_status":"open","ping_status":"open","sticky":false,"template":"","format":"standard","meta":{"footnotes":""},"categories":[51],"tags":[],"class_list":["post-12149","post","type-post","status-publish","format-standard","has-post-thumbnail","hentry","category-provincias"],"_links":{"self":[{"href":"https:\/\/infoactual.com.ar\/index.php\/wp-json\/wp\/v2\/posts\/12149","targetHints":{"allow":["GET"]}}],"collection":[{"href":"https:\/\/infoactual.com.ar\/index.php\/wp-json\/wp\/v2\/posts"}],"about":[{"href":"https:\/\/infoactual.com.ar\/index.php\/wp-json\/wp\/v2\/types\/post"}],"author":[{"embeddable":true,"href":"https:\/\/infoactual.com.ar\/index.php\/wp-json\/wp\/v2\/users\/2"}],"replies":[{"embeddable":true,"href":"https:\/\/infoactual.com.ar\/index.php\/wp-json\/wp\/v2\/comments?post=12149"}],"version-history":[{"count":1,"href":"https:\/\/infoactual.com.ar\/index.php\/wp-json\/wp\/v2\/posts\/12149\/revisions"}],"predecessor-version":[{"id":12151,"href":"https:\/\/infoactual.com.ar\/index.php\/wp-json\/wp\/v2\/posts\/12149\/revisions\/12151"}],"wp:featuredmedia":[{"embeddable":true,"href":"https:\/\/infoactual.com.ar\/index.php\/wp-json\/wp\/v2\/media\/12150"}],"wp:attachment":[{"href":"https:\/\/infoactual.com.ar\/index.php\/wp-json\/wp\/v2\/media?parent=12149"}],"wp:term":[{"taxonomy":"category","embeddable":true,"href":"https:\/\/infoactual.com.ar\/index.php\/wp-json\/wp\/v2\/categories?post=12149"},{"taxonomy":"post_tag","embeddable":true,"href":"https:\/\/infoactual.com.ar\/index.php\/wp-json\/wp\/v2\/tags?post=12149"}],"curies":[{"name":"wp","href":"https:\/\/api.w.org\/{rel}","templated":true}]}}