{"id":12205,"date":"2022-02-18T11:50:44","date_gmt":"2022-02-18T14:50:44","guid":{"rendered":"http:\/\/infoactual.com.ar\/?p=12205"},"modified":"2022-02-18T11:50:45","modified_gmt":"2022-02-18T14:50:45","slug":"un-formoseno-ligado-a-insfran-es-el-nuevo-director-ejecutivo-de-yacireta","status":"publish","type":"post","link":"https:\/\/infoactual.com.ar\/index.php\/2022\/02\/18\/un-formoseno-ligado-a-insfran-es-el-nuevo-director-ejecutivo-de-yacireta\/","title":{"rendered":"UN FORMOSE\u00d1O LIGADO A INSFR\u00c1N ES EL NUEVO DIRECTOR EJECUTIVO DE YACIRET\u00c1"},"content":{"rendered":"\n<p><strong>El Gobierno design\u00f3 oficialmente hoy al formose\u00f1o Fernando de Vido como director ejecutivo de la Entidad Binacional Yaciret\u00e1, que funciona bajo la \u00f3rbita del Ministerio de Econom\u00eda.<\/strong><\/p>\n\n\n\n<p>&nbsp; &nbsp;De Vido -que es ingeniero y no tiene v\u00ednculos familiares con el ex ministro de Planificaci\u00f3n del kirchnerismo- fue tres veces intendente de la ciudad de Formosa, estuvo a cargo de la Direcci\u00f3n de Vialidad de esa provincia y responde al gobernador Gildo Insfr\u00e1n.<\/p>\n\n\n\n<p>&nbsp;&nbsp; Su designaci\u00f3n se formaliz\u00f3 por medio del Decreto 78\/2022, publicado en el Bolet\u00edn Oficial.<\/p>\n\n\n\n<p>&nbsp;&nbsp; Adem\u00e1s, en ese mismo texto se acept\u00f3 la renuncia de Ignacio Barrios Arrechea al cargo que ahora ocupa de Vido y se design\u00f3 a Ana Almir\u00f3n como Consejera del ente binacional, para completar un per\u00edodo de ley.<\/p>\n\n\n\n<p>&nbsp;&nbsp; La Argentina y Paraguay suscribieron en 1973 el Tratado de Yaciret\u00e1, con el objeto de realizar el aprovechamiento hidroel\u00e9ctrico, el mejoramiento de las condiciones de navegabilidad del R\u00edo Paran\u00e1 y, eventualmente, la atenuaci\u00f3n de los efectos de las inundaciones.<\/p>\n\n\n\n<p>&nbsp;&nbsp; Ese Tratado estableci\u00f3 un Comit\u00e9 Ejecutivo para administrar la represa binacional, compuesto por dos directores, uno en representaci\u00f3n de cada pa\u00eds, con la misma competencia y jerarqu\u00eda y con igualdad de atribuciones y responsabilidades.<\/p>\n\n\n\n<p>&nbsp;&nbsp; Ahora, el Poder Ejecutivo se\u00f1al\u00f3 que \u00abcon el fin de garantizar el normal funcionamiento del organismo, deviene necesario proceder al nombramiento de las nuevas autoridades que ocupar\u00e1n los cargos de Director Ejecutivo y de Consejera de la Entidad Binacional Yaciret\u00e1 (EBY)\u00bb.<\/p>\n\n\n\n<p>&nbsp;&nbsp; La represa posee una potencia instalada de 3.200 megawatts\u200b y su l\u00ednea de cota alcanza los 83 metros sobre el nivel del mar.<\/p>\n\n\n\n<p>&nbsp;&nbsp; Debido a que los requerimientos el\u00e9ctricos de Paraguay est\u00e1n cubiertos,\u200b ese pa\u00eds solo consume, en promedio, entre el 10 y el 13% de la energ\u00eda producida, mientras que el resto se destina a la Argentina.<\/p>\n","protected":false},"excerpt":{"rendered":"<p>El Gobierno design\u00f3 oficialmente hoy al formose\u00f1o Fernando de Vido como director ejecutivo de la Entidad Binacional Yaciret\u00e1, que funciona bajo la \u00f3rbita del Ministerio de Econom\u00eda. &nbsp; &nbsp;De Vido -que es ingeniero y no tiene v\u00ednculos familiares con el ex ministro de Planificaci\u00f3n del kirchnerismo- fue tres veces intendente de la ciudad de Formosa, [&hellip;]<\/p>\n","protected":false},"author":2,"featured_media":12206,"comment_status":"open","ping_status":"open","sticky":false,"template":"","format":"standard","meta":{"footnotes":""},"categories":[44],"tags":[],"class_list":["post-12205","post","type-post","status-publish","format-standard","has-post-thumbnail","hentry","category-economia"],"_links":{"self":[{"href":"https:\/\/infoactual.com.ar\/index.php\/wp-json\/wp\/v2\/posts\/12205","targetHints":{"allow":["GET"]}}],"collection":[{"href":"https:\/\/infoactual.com.ar\/index.php\/wp-json\/wp\/v2\/posts"}],"about":[{"href":"https:\/\/infoactual.com.ar\/index.php\/wp-json\/wp\/v2\/types\/post"}],"author":[{"embeddable":true,"href":"https:\/\/infoactual.com.ar\/index.php\/wp-json\/wp\/v2\/users\/2"}],"replies":[{"embeddable":true,"href":"https:\/\/infoactual.com.ar\/index.php\/wp-json\/wp\/v2\/comments?post=12205"}],"version-history":[{"count":1,"href":"https:\/\/infoactual.com.ar\/index.php\/wp-json\/wp\/v2\/posts\/12205\/revisions"}],"predecessor-version":[{"id":12207,"href":"https:\/\/infoactual.com.ar\/index.php\/wp-json\/wp\/v2\/posts\/12205\/revisions\/12207"}],"wp:featuredmedia":[{"embeddable":true,"href":"https:\/\/infoactual.com.ar\/index.php\/wp-json\/wp\/v2\/media\/12206"}],"wp:attachment":[{"href":"https:\/\/infoactual.com.ar\/index.php\/wp-json\/wp\/v2\/media?parent=12205"}],"wp:term":[{"taxonomy":"category","embeddable":true,"href":"https:\/\/infoactual.com.ar\/index.php\/wp-json\/wp\/v2\/categories?post=12205"},{"taxonomy":"post_tag","embeddable":true,"href":"https:\/\/infoactual.com.ar\/index.php\/wp-json\/wp\/v2\/tags?post=12205"}],"curies":[{"name":"wp","href":"https:\/\/api.w.org\/{rel}","templated":true}]}}