{"id":12328,"date":"2022-02-24T18:18:04","date_gmt":"2022-02-24T21:18:04","guid":{"rendered":"http:\/\/infoactual.com.ar\/?p=12328"},"modified":"2022-02-24T18:18:48","modified_gmt":"2022-02-24T21:18:48","slug":"nueva-entrega-de-creditos-y-viviendas-en-las-provincias-de-buenos-aires-y-santa-fe","status":"publish","type":"post","link":"https:\/\/infoactual.com.ar\/index.php\/2022\/02\/24\/nueva-entrega-de-creditos-y-viviendas-en-las-provincias-de-buenos-aires-y-santa-fe\/","title":{"rendered":"NUEVA ENTREGA DE CR\u00c9DITOS Y VIVIENDAS EN LAS PROVINCIAS DE BUENOS AIRES Y SANTA FE"},"content":{"rendered":"\n<p>En esta oportunidad, se otorgaron en las ciudades de Lan\u00fas, Lomas de Zamora y Santa Fe.<\/p>\n\n\n\n<p>El Ministerio de Desarrollo Territorial y H\u00e1bitat que conduce&nbsp;<strong>Jorge Ferraresi<\/strong>&nbsp;entreg\u00f3 este martes Cr\u00e9ditos Casa Propia para construcci\u00f3n en los municipios bonaerenses de Lan\u00fas y Lomas de Zamora, as\u00ed como tambi\u00e9n en la ciudad de Santa Fe, donde adem\u00e1s se otorgaron las llaves para acceder a nuevas viviendas del Desarrollo Urban\u00edstico edificado en la citada ciudad a trav\u00e9s del programa Procrear II.<\/p>\n\n\n\n<p>En primer lugar, el secretario de Desarrollo Territorial,&nbsp;<strong>Luciano Scatolini<\/strong>, entreg\u00f3 cr\u00e9ditos hipotecarios a vecinos y vecinas de Lan\u00fas, quienes podr\u00e1n construir sus viviendas de hasta 60 m2 en un lote propio o de familiar directo. De la actividad, tambi\u00e9n participaron el diputado provincial&nbsp;<strong>Nicol\u00e1s Russo<\/strong>; el director nacional de Agenda Pol\u00edtica de la Jefatura de Gabinete y concejal ad honorem del municipio,&nbsp;<strong>Agust\u00edn Balladares<\/strong>; el director de Gesti\u00f3n del Conocimiento del IPAP,&nbsp;<strong>Ezequiel Berrueco<\/strong>; el concejal local&nbsp;<strong>Juli\u00e1n \u00c1lvarez<\/strong>; y la dirigente&nbsp;<strong>Bel\u00e9n Berrueco<\/strong>.<\/p>\n\n\n\n<p>Posteriormente, en Lomas de Zamora, junto al jefe de Gabinete municipal,&nbsp;<strong>Mart\u00edn Choren<\/strong>, se otorgaron otra tanda de estos cr\u00e9ditos a tasa cero, que a su vez permiten dinamizar la econom\u00eda local, generando empleo genuino en la zona. Adem\u00e1s, estuvieron presentes el vicejefe de Gabinete,&nbsp;<strong>Maximiliano Tonani<\/strong>, el secretario de H\u00e1bitat e Integraci\u00f3n Comunitaria,&nbsp;<strong>Alfredo Fern\u00e1ndez<\/strong>, y el subsecretario de Tierras,&nbsp;<strong>Gabriel Giurliddo<\/strong>.<\/p>\n\n\n\n<p>Tras realizar la entrega de viviendas y cr\u00e9ditos,&nbsp;<strong>Scatolini<\/strong>&nbsp;afirm\u00f3 que \u201c<em>el presidente Alberto Fern\u00e1ndez nos ha encomendado esta tarea que es un privilegio llevar adelante junto al ministro Jorge Ferraresi<\/em>\u201d, y destac\u00f3: \u201c<em>Ese derecho que ustedes est\u00e1n consiguiendo a partir de su esfuerzo lo estamos haciendo porque tenemos un gobierno que piensa en c\u00f3mo desarrollar un pa\u00eds con trabajo e inclusi\u00f3n. Cada uno de estas medidas van a crear empleo directo y se genera un c\u00edrculo virtuoso donde las familias mejoran su vida, la transforman definitivamente<\/em>\u201d.<\/p>\n\n\n\n<p>Es importante destacar que los Cr\u00e9ditos Casa Propia tienen la particularidad de que sus cuotas se comienzan a pagar una vez que la obra est\u00e1 finalizada, lo que les da certidumbre y estabilidad econ\u00f3mica a las y los beneficiarios mientras construyen su nuevo hogar.<\/p>\n\n\n\n<h5 class=\"wp-block-heading\">M\u00e1s viviendas y cr\u00e9ditos para familias santafesinas<\/h5>\n\n\n\n<p>En continuidad con las acciones que el Gobierno Nacional viene llevando adelante a trav\u00e9s del Ministerio de Desarrollo Territorial y H\u00e1bitat, en la ciudad de Santa Fe el subsecretario de Pol\u00edtica de Suelo y Desarrollos Habitacionales,&nbsp;<strong>Juan Pablo Negro<\/strong>, acompa\u00f1ado por la ministra de Infraestructura, Servicios P\u00fablicos y H\u00e1bitat de la provincia hom\u00f3nima,&nbsp;<strong>Silvina Frana<\/strong>, y por el secretario de H\u00e1bitat, Urbanismo y Vivienda provincial,&nbsp;<strong>Amado Zorz\u00f3n<\/strong>, entreg\u00f3 llaves del Desarrollo Urban\u00edstico Estaci\u00f3n Cambios ubicado en la ciudad capital, que fue construido a trav\u00e9s de Procrear II. Adem\u00e1s, se otorgaron cr\u00e9ditos para que m\u00e1s familias puedan edificar sus nuevos hogares.<\/p>\n\n\n\n<p>De esta manera, se siguen desplegando pol\u00edticas habitacionales de manera federal para que m\u00e1s argentinos y argentinas de todo el pa\u00eds puedan alcanzar el sue\u00f1o de la casa propia.<\/p>\n","protected":false},"excerpt":{"rendered":"<p>En esta oportunidad, se otorgaron en las ciudades de Lan\u00fas, Lomas de Zamora y Santa Fe. El Ministerio de Desarrollo Territorial y H\u00e1bitat que conduce&nbsp;Jorge Ferraresi&nbsp;entreg\u00f3 este martes Cr\u00e9ditos Casa Propia para construcci\u00f3n en los municipios bonaerenses de Lan\u00fas y Lomas de Zamora, as\u00ed como tambi\u00e9n en la ciudad de Santa Fe, donde adem\u00e1s se [&hellip;]<\/p>\n","protected":false},"author":3,"featured_media":12329,"comment_status":"open","ping_status":"open","sticky":false,"template":"","format":"standard","meta":{"footnotes":""},"categories":[45],"tags":[],"class_list":["post-12328","post","type-post","status-publish","format-standard","has-post-thumbnail","hentry","category-sociedad"],"_links":{"self":[{"href":"https:\/\/infoactual.com.ar\/index.php\/wp-json\/wp\/v2\/posts\/12328","targetHints":{"allow":["GET"]}}],"collection":[{"href":"https:\/\/infoactual.com.ar\/index.php\/wp-json\/wp\/v2\/posts"}],"about":[{"href":"https:\/\/infoactual.com.ar\/index.php\/wp-json\/wp\/v2\/types\/post"}],"author":[{"embeddable":true,"href":"https:\/\/infoactual.com.ar\/index.php\/wp-json\/wp\/v2\/users\/3"}],"replies":[{"embeddable":true,"href":"https:\/\/infoactual.com.ar\/index.php\/wp-json\/wp\/v2\/comments?post=12328"}],"version-history":[{"count":1,"href":"https:\/\/infoactual.com.ar\/index.php\/wp-json\/wp\/v2\/posts\/12328\/revisions"}],"predecessor-version":[{"id":12330,"href":"https:\/\/infoactual.com.ar\/index.php\/wp-json\/wp\/v2\/posts\/12328\/revisions\/12330"}],"wp:featuredmedia":[{"embeddable":true,"href":"https:\/\/infoactual.com.ar\/index.php\/wp-json\/wp\/v2\/media\/12329"}],"wp:attachment":[{"href":"https:\/\/infoactual.com.ar\/index.php\/wp-json\/wp\/v2\/media?parent=12328"}],"wp:term":[{"taxonomy":"category","embeddable":true,"href":"https:\/\/infoactual.com.ar\/index.php\/wp-json\/wp\/v2\/categories?post=12328"},{"taxonomy":"post_tag","embeddable":true,"href":"https:\/\/infoactual.com.ar\/index.php\/wp-json\/wp\/v2\/tags?post=12328"}],"curies":[{"name":"wp","href":"https:\/\/api.w.org\/{rel}","templated":true}]}}