{"id":12370,"date":"2022-02-28T22:14:00","date_gmt":"2022-03-01T01:14:00","guid":{"rendered":"http:\/\/infoactual.com.ar\/?p=12370"},"modified":"2022-02-28T22:14:01","modified_gmt":"2022-03-01T01:14:01","slug":"rechazan-planteos-de-la-empresa-de-morla-contra-las-hijas-de-maradona","status":"publish","type":"post","link":"https:\/\/infoactual.com.ar\/index.php\/2022\/02\/28\/rechazan-planteos-de-la-empresa-de-morla-contra-las-hijas-de-maradona\/","title":{"rendered":"RECHAZAN PLANTEOS DE LA EMPRESA DE MORLA CONTRA LAS HIJAS DE MARADONA"},"content":{"rendered":"\n<p><strong>La C\u00e1mara Federal porte\u00f1a rechaz\u00f3 dos planteos de la empresa Satvica S.A., perteneciente al abogado Mat\u00edas Morla, en la causa en la que se enfrenta con las hijas del ex futbolista Diego Maradona por las marcas que identifican mundialmente al astro fallecido.<\/strong><\/p>\n\n\n\n<p>&nbsp; &nbsp;El tribunal, en sendos fallos unipersonales del juez Mariano Llorens, rechaz\u00f3 los reclamos formulados por el abogado de Satvica, Mart\u00edn Juan Larralde, sobre una inhibitoria y un planteo de competencia.<\/p>\n\n\n\n<p>&nbsp;&nbsp; Larralde tiene ahora la posibilidad de recurrir a la C\u00e1mara Federal de Casaci\u00f3n, el m\u00e1ximo tribunal penal, mediante un recurso de \u00abqueja\u00bb.<\/p>\n\n\n\n<p>&nbsp;&nbsp; La causa se inici\u00f3 por una denuncia de Morla contra Dalma y Gianinna Maradona por la titularidad y explotaci\u00f3n de las marcas del ex capit\u00e1n de la Selecci\u00f3n Argentina de f\u00fatbol.<\/p>\n\n\n\n<p>&nbsp;&nbsp; La causa se inici\u00f3 el 14 de mayo del a\u00f1o pasado a ra\u00edz de la denuncia efectuada por Mart\u00edn Juan Larralde, en representaci\u00f3n de la empresa de Morla, contra Dalma y Gianinna por presunta infracci\u00f3n a la ley de Marcas y Designaciones.<\/p>\n\n\n\n<p>&nbsp;&nbsp; Satvica es la titular de las marcas que representan a la figura de Maradona, quien se las cedi\u00f3 en vida para su explotaci\u00f3n.<br>&nbsp;&nbsp; Esa disputa se dirime todav\u00eda en tribunales, pero paralelamente las hijas de Maradona intentaron registrar para s\u00ed otras marcas relacionadas con su padre.<\/p>\n\n\n\n<p>&nbsp;&nbsp; Morla acus\u00f3 a las hijas de Maradona de \u00abhaber presentado ante el Instituto Nacional de la Propiedad Industrial (INPI) la solicitud de registro de tres marcas figurativas con la imagen del rostro de su padre\u00bb.<\/p>\n","protected":false},"excerpt":{"rendered":"<p>La C\u00e1mara Federal porte\u00f1a rechaz\u00f3 dos planteos de la empresa Satvica S.A., perteneciente al abogado Mat\u00edas Morla, en la causa en la que se enfrenta con las hijas del ex futbolista Diego Maradona por las marcas que identifican mundialmente al astro fallecido. &nbsp; &nbsp;El tribunal, en sendos fallos unipersonales del juez Mariano Llorens, rechaz\u00f3 los [&hellip;]<\/p>\n","protected":false},"author":2,"featured_media":1955,"comment_status":"open","ping_status":"open","sticky":false,"template":"","format":"standard","meta":{"footnotes":""},"categories":[45],"tags":[],"class_list":["post-12370","post","type-post","status-publish","format-standard","has-post-thumbnail","hentry","category-sociedad"],"_links":{"self":[{"href":"https:\/\/infoactual.com.ar\/index.php\/wp-json\/wp\/v2\/posts\/12370","targetHints":{"allow":["GET"]}}],"collection":[{"href":"https:\/\/infoactual.com.ar\/index.php\/wp-json\/wp\/v2\/posts"}],"about":[{"href":"https:\/\/infoactual.com.ar\/index.php\/wp-json\/wp\/v2\/types\/post"}],"author":[{"embeddable":true,"href":"https:\/\/infoactual.com.ar\/index.php\/wp-json\/wp\/v2\/users\/2"}],"replies":[{"embeddable":true,"href":"https:\/\/infoactual.com.ar\/index.php\/wp-json\/wp\/v2\/comments?post=12370"}],"version-history":[{"count":1,"href":"https:\/\/infoactual.com.ar\/index.php\/wp-json\/wp\/v2\/posts\/12370\/revisions"}],"predecessor-version":[{"id":12371,"href":"https:\/\/infoactual.com.ar\/index.php\/wp-json\/wp\/v2\/posts\/12370\/revisions\/12371"}],"wp:featuredmedia":[{"embeddable":true,"href":"https:\/\/infoactual.com.ar\/index.php\/wp-json\/wp\/v2\/media\/1955"}],"wp:attachment":[{"href":"https:\/\/infoactual.com.ar\/index.php\/wp-json\/wp\/v2\/media?parent=12370"}],"wp:term":[{"taxonomy":"category","embeddable":true,"href":"https:\/\/infoactual.com.ar\/index.php\/wp-json\/wp\/v2\/categories?post=12370"},{"taxonomy":"post_tag","embeddable":true,"href":"https:\/\/infoactual.com.ar\/index.php\/wp-json\/wp\/v2\/tags?post=12370"}],"curies":[{"name":"wp","href":"https:\/\/api.w.org\/{rel}","templated":true}]}}