{"id":12372,"date":"2022-02-28T22:16:42","date_gmt":"2022-03-01T01:16:42","guid":{"rendered":"http:\/\/infoactual.com.ar\/?p=12372"},"modified":"2022-02-28T22:16:43","modified_gmt":"2022-03-01T01:16:43","slug":"talleres-no-levanta-cabeza-en-la-copa-de-la-liga-profesional-cayo-2-a-1-con-newells-en-cordoba","status":"publish","type":"post","link":"https:\/\/infoactual.com.ar\/index.php\/2022\/02\/28\/talleres-no-levanta-cabeza-en-la-copa-de-la-liga-profesional-cayo-2-a-1-con-newells-en-cordoba\/","title":{"rendered":"TALLERES NO LEVANTA CABEZA EN LA COPA DE LA LIGA PROFESIONAL: CAY\u00d3 2 A 1 CON NEWELL\u00b4S EN C\u00d3RDOBA"},"content":{"rendered":"\n<p><strong>Newell\u00b4s derrot\u00f3 hoy por 2 a 1 a Talleres de C\u00f3rdoba, que no levanta cabeza en la Copa de la Liga Profesional, en un partido correspondiente a la cuarta fecha de la Zona A del certamen.<\/strong><\/p>\n\n\n\n<p>&nbsp; &nbsp;La \u00abLepra\u00bb se impuso con un golazo de Nicol\u00e1s Castro a 12 minutos del segundo tiempo y con un tanto de penal de Cristian Lema a los 17 de la misma etapa, para llevarse un importante triunfo en condici\u00f3n de visitante, donde pudo contar con sus hinchas en la tribuna.<\/p>\n\n\n\n<p>&nbsp;&nbsp; Ya sobre el final, decidido a ir por el empate y pese a que el \u00e1rbitro Dar\u00edo Herrera ignor\u00f3 un claro penal por una mano de Lema en el \u00e1rea, el local lleg\u00f3 al descuento con un cabezazo del delantero Federico Girotti, aunque no le alcanz\u00f3 para rescatar al menos una igualdad en casa.<\/p>\n\n\n\n<p>&nbsp;&nbsp; Con estos tres puntos, Newell\u00b4s suma 6 en lo que va del certamen, mientras que la \u00abT\u00bb, que convirti\u00f3 su primer gol en la Copa, sigue entre los elencos del fondo con apenas dos unidades.<br>.<br>S\u00edntesis del partido:<br>.<br>Copa de la Liga Profesional.<br>&nbsp;&nbsp; Zona A &#8211; Fecha 4.<br>&nbsp;&nbsp; Talleres &#8211; Newell s.<br>&nbsp;&nbsp; Estadio: Mario Alberto Kempes (C\u00f3rdoba).<br>&nbsp;&nbsp; \u00c1rbitro: Dar\u00edo Herrera.<br>.<br>Talleres: Guido Herrera; Mat\u00edas Catal\u00e1n, Francisco \u00c1lvarez, Rafael P\u00e9rez, Enzo D\u00edaz; Fernando Ju\u00e1rez, Rodrigo Villagra, Mat\u00edas Godoy, H\u00e9ctor F\u00e9rtoli; Enmerson Batalla y Federico Girotti. DT: \u00c1ngel Guillermo Hoyos.<br>&nbsp;&nbsp; Newell\u00b4s: Ramiro Macagno; Armando M\u00e9ndez, Cristian Lema, Willer Ditta, Mart\u00edn Luciano; Pablo P\u00e9rez, Juli\u00e1n Fern\u00e1ndez, Nicol\u00e1s Castro; Juan Garro, Juan Manuel Garc\u00eda y Francisco Gonz\u00e1lez. DT: Javier Sanguinetti.<br>&nbsp;&nbsp; Goles en el segundo tiempo: 12m. Nicol\u00e1s Castro (N); 17m.<br>&nbsp;&nbsp;Cristian Lema, de penal (N).<br>&nbsp;&nbsp; Goles en el segundo tiempo: 48m. Federico Girotti (T).<br>&nbsp;&nbsp; Cambios en el segundo tiempo: 8m. Rodrigo Garro pro H\u00e9ctor F\u00e9rtoli (T); 20m. Victor Gustavo Vel\u00e1zquez por Willer Ditta (N) y Marcos Portillo por Pablo P\u00e9rez (N); 23m. Ignacio Lago por Mat\u00edas Godoy (T); 25m. Ramiro Sordo por Juan Garro (N), Djorkaeff Reasco por Juan Manuel Garc\u00eda (N) y Guillermo Balzi por Nicol\u00e1s Castro.<\/p>\n","protected":false},"excerpt":{"rendered":"<p>Newell\u00b4s derrot\u00f3 hoy por 2 a 1 a Talleres de C\u00f3rdoba, que no levanta cabeza en la Copa de la Liga Profesional, en un partido correspondiente a la cuarta fecha de la Zona A del certamen. &nbsp; &nbsp;La \u00abLepra\u00bb se impuso con un golazo de Nicol\u00e1s Castro a 12 minutos del segundo tiempo y con [&hellip;]<\/p>\n","protected":false},"author":2,"featured_media":12373,"comment_status":"open","ping_status":"open","sticky":false,"template":"","format":"standard","meta":{"footnotes":""},"categories":[50],"tags":[],"class_list":["post-12372","post","type-post","status-publish","format-standard","has-post-thumbnail","hentry","category-deportes"],"_links":{"self":[{"href":"https:\/\/infoactual.com.ar\/index.php\/wp-json\/wp\/v2\/posts\/12372","targetHints":{"allow":["GET"]}}],"collection":[{"href":"https:\/\/infoactual.com.ar\/index.php\/wp-json\/wp\/v2\/posts"}],"about":[{"href":"https:\/\/infoactual.com.ar\/index.php\/wp-json\/wp\/v2\/types\/post"}],"author":[{"embeddable":true,"href":"https:\/\/infoactual.com.ar\/index.php\/wp-json\/wp\/v2\/users\/2"}],"replies":[{"embeddable":true,"href":"https:\/\/infoactual.com.ar\/index.php\/wp-json\/wp\/v2\/comments?post=12372"}],"version-history":[{"count":1,"href":"https:\/\/infoactual.com.ar\/index.php\/wp-json\/wp\/v2\/posts\/12372\/revisions"}],"predecessor-version":[{"id":12374,"href":"https:\/\/infoactual.com.ar\/index.php\/wp-json\/wp\/v2\/posts\/12372\/revisions\/12374"}],"wp:featuredmedia":[{"embeddable":true,"href":"https:\/\/infoactual.com.ar\/index.php\/wp-json\/wp\/v2\/media\/12373"}],"wp:attachment":[{"href":"https:\/\/infoactual.com.ar\/index.php\/wp-json\/wp\/v2\/media?parent=12372"}],"wp:term":[{"taxonomy":"category","embeddable":true,"href":"https:\/\/infoactual.com.ar\/index.php\/wp-json\/wp\/v2\/categories?post=12372"},{"taxonomy":"post_tag","embeddable":true,"href":"https:\/\/infoactual.com.ar\/index.php\/wp-json\/wp\/v2\/tags?post=12372"}],"curies":[{"name":"wp","href":"https:\/\/api.w.org\/{rel}","templated":true}]}}