{"id":1241,"date":"2021-04-20T14:22:51","date_gmt":"2021-04-20T14:22:51","guid":{"rendered":"http:\/\/infoactual.com.ar\/?p=1241"},"modified":"2021-04-20T14:22:52","modified_gmt":"2021-04-20T14:22:52","slug":"infantino-presidente-de-la-fifa-advirtio-sobre-las-consecuencias-para-los-que-jueguen-la-superliga-europea","status":"publish","type":"post","link":"https:\/\/infoactual.com.ar\/index.php\/2021\/04\/20\/infantino-presidente-de-la-fifa-advirtio-sobre-las-consecuencias-para-los-que-jueguen-la-superliga-europea\/","title":{"rendered":"INFANTINO, PRESIDENTE DE LA FIFA, ADVIRTI\u00d3 SOBRE \u00abLAS CONSECUENCIAS\u00bb PARA LOS QUE JUEGUEN LA SUPERLIGA EUROPEA"},"content":{"rendered":"\n<p><strong>Luego del revuelo que caus\u00f3 entre domingo y lunes el lanzamiento oficial de la Superliga de Europa con doce de los clubes m\u00e1s poderosos de la actualidad, el presidente de la FIFA, Gianni Infantino, insisti\u00f3 hoy en su rechazo a la organizaci\u00f3n y&nbsp;advirti\u00f3 sobre \u00ablas consecuencias\u00bb de elegir su propio camino.<\/strong><\/p>\n\n\n\n<p>&nbsp; &nbsp;\u00abSi algunos eligen seguir su propio camino debemos dejarlos ir con consecuencias por su elecci\u00f3n, son responsables de ella.<br>&nbsp;&nbsp;Estar\u00e1n adentro o afuera, que cada uno lo piense antes de tomar una decisi\u00f3n\u00bb, asegur\u00f3 Infantino, al hablar durante el Congreso Ordinario de la UEFA que continuaba este martes en Montreaux, Suiza.<\/p>\n\n\n\n<p>&nbsp;&nbsp; La&nbsp;Superliga, con el Real Madrid como el primero que presidir\u00e1 a trav\u00e9s&nbsp;de su titular Florentino P\u00e9rez, tiene como clubes fundadores al Milan, Inter y Juventus de Italia; Barcelona y&nbsp;Atl\u00e9tico de Madrid de Espa\u00f1a; Liverpool, Manchester City,&nbsp;Manchester United, Arsenal, Chelsea y Tottenham de Inglaterra.<\/p>\n\n\n\n<p>&nbsp;&nbsp; Los equipos de Alemania y Francia, principalmente Bayern&nbsp;M\u00fanich, Borussia Dortmund y Par\u00eds Saint Germain, se negaron a&nbsp;sumarse a la iniciativa.&nbsp;.<\/p>\n\n\n\n<p>&nbsp;&nbsp; El proyecto de la Superliga europea surgi\u00f3 como una oposici\u00f3n&nbsp;al nuevo formato de la Liga de Campeones que se vot\u00f3 este&nbsp;lunes en la UEFA, pasando de 32 a 36 competidores en la fase final a partir de 2024,&nbsp;lo que aumentar\u00e1 la cantidad de partidos.<\/p>\n\n\n\n<p>&nbsp;&nbsp; Infantino sostuvo que \u00abla FIFA es una organizaci\u00f3n construida sobre valores del deporte y solo puede desaprobar firmemente la creaci\u00f3n de la Superliga, que es una tienda cerrada y una ruptura con las instituciones actuales, con las ligas, con las asociaciones, y con la UEFA\u00bb.<\/p>\n\n\n\n<p>&nbsp;&nbsp; El titular de la FIFA destac\u00f3 adem\u00e1s que la UEFA y la FIFA \u00abson organizaciones democr\u00e1ticas, abiertas\u00bb, en las que \u00abtodo el mundo puede hablar, hacer propuestas que se pueden tener en cuenta pero siempre con respeto a las instituciones, las ligas, las asociaciones, a la historia y la pasi\u00f3n\u00bb.<\/p>\n\n\n\n<p>&nbsp;&nbsp; Seg\u00fan anunciaron en un comunicado conjunto, los doce clubes fundadores de la Superliga europea, que cuenta con el apoyo econ\u00f3mico de la banca JP Morgan, pretenden iniciar la competencia \u00ablo antes posible\u00bb, que ser\u00eda en agosto pr\u00f3ximo.<\/p>\n\n\n\n<p>&nbsp;&nbsp; A\u00fan restan revelar tres clubes \u00abfijos\u00bb, mientras que otros cinco se ganar\u00e1n el derecho a jugar la Superliga por el rendimiento alcanzado en otras competiciones.<\/p>\n\n\n\n<p>&nbsp;&nbsp; El formato del certamen ser\u00e1 en dos grupos de 10, a encuentros de ida y vuelta para un total de 18 jornadas, siempre entre semana.<\/p>\n\n\n\n<p>&nbsp;&nbsp; A cuartos de final avanzar\u00e1n los tres primeros de cada zona, mientras que el cuarto y quinto se cruzar\u00e1n en un Playoffs de repechaje para completar el cuadro.<\/p>\n","protected":false},"excerpt":{"rendered":"<p>Luego del revuelo que caus\u00f3 entre domingo y lunes el lanzamiento oficial de la Superliga de Europa con doce de los clubes m\u00e1s poderosos de la actualidad, el presidente de la FIFA, Gianni Infantino, insisti\u00f3 hoy en su rechazo a la organizaci\u00f3n y&nbsp;advirti\u00f3 sobre \u00ablas consecuencias\u00bb de elegir su propio camino. &nbsp; &nbsp;\u00abSi algunos eligen [&hellip;]<\/p>\n","protected":false},"author":2,"featured_media":1242,"comment_status":"open","ping_status":"open","sticky":false,"template":"","format":"standard","meta":{"footnotes":""},"categories":[50],"tags":[],"class_list":["post-1241","post","type-post","status-publish","format-standard","has-post-thumbnail","hentry","category-deportes"],"_links":{"self":[{"href":"https:\/\/infoactual.com.ar\/index.php\/wp-json\/wp\/v2\/posts\/1241","targetHints":{"allow":["GET"]}}],"collection":[{"href":"https:\/\/infoactual.com.ar\/index.php\/wp-json\/wp\/v2\/posts"}],"about":[{"href":"https:\/\/infoactual.com.ar\/index.php\/wp-json\/wp\/v2\/types\/post"}],"author":[{"embeddable":true,"href":"https:\/\/infoactual.com.ar\/index.php\/wp-json\/wp\/v2\/users\/2"}],"replies":[{"embeddable":true,"href":"https:\/\/infoactual.com.ar\/index.php\/wp-json\/wp\/v2\/comments?post=1241"}],"version-history":[{"count":1,"href":"https:\/\/infoactual.com.ar\/index.php\/wp-json\/wp\/v2\/posts\/1241\/revisions"}],"predecessor-version":[{"id":1243,"href":"https:\/\/infoactual.com.ar\/index.php\/wp-json\/wp\/v2\/posts\/1241\/revisions\/1243"}],"wp:featuredmedia":[{"embeddable":true,"href":"https:\/\/infoactual.com.ar\/index.php\/wp-json\/wp\/v2\/media\/1242"}],"wp:attachment":[{"href":"https:\/\/infoactual.com.ar\/index.php\/wp-json\/wp\/v2\/media?parent=1241"}],"wp:term":[{"taxonomy":"category","embeddable":true,"href":"https:\/\/infoactual.com.ar\/index.php\/wp-json\/wp\/v2\/categories?post=1241"},{"taxonomy":"post_tag","embeddable":true,"href":"https:\/\/infoactual.com.ar\/index.php\/wp-json\/wp\/v2\/tags?post=1241"}],"curies":[{"name":"wp","href":"https:\/\/api.w.org\/{rel}","templated":true}]}}