{"id":12437,"date":"2022-03-02T16:06:36","date_gmt":"2022-03-02T19:06:36","guid":{"rendered":"http:\/\/infoactual.com.ar\/?p=12437"},"modified":"2022-03-02T16:06:37","modified_gmt":"2022-03-02T19:06:37","slug":"para-sandleris-el-gobierno-esta-dejando-una-bomba-con-la-deuda-para-quien-asuma-en-2023","status":"publish","type":"post","link":"https:\/\/infoactual.com.ar\/index.php\/2022\/03\/02\/para-sandleris-el-gobierno-esta-dejando-una-bomba-con-la-deuda-para-quien-asuma-en-2023\/","title":{"rendered":"PARA SANDLERIS, EL GOBIERNO \u00abEST\u00c1 DEJANDO UNA BOMBA\u00bb CON LA DEUDA PARA QUIEN ASUMA EN 2023"},"content":{"rendered":"\n<p><strong>El ex presidente del Banco Central Guido Sandleris asegur\u00f3 hoy que el Gobierno de Alberto Fern\u00e1ndez se endeud\u00f3 m\u00e1s que el de Mauricio Macri, por lo cual consider\u00f3 que \u00abse est\u00e1 dejando una bomba\u00bb para quien asuma en 2023.<\/strong><\/p>\n\n\n\n<p>&nbsp; &nbsp;\u00abEste Gobierno est\u00e1 dejando una bomba para la administraci\u00f3n que viene, que va a ser peor que la de 2015. No veo una hiperinflaci\u00f3n, pero la econom\u00eda puede empeorar, algo que dejar\u00e1 a quien llegue en 2023 con una bomba muy complicada de desactivar\u00bb, sostuvo el ex funcionario.<\/p>\n\n\n\n<p>&nbsp;&nbsp; Sandleris expres\u00f3 que \u00abcuando mira los datos de la deuda y los compara con el relato del Gobierno, la diferencia es abismal.<\/p>\n\n\n\n<p>&nbsp;&nbsp;Durante los dos primeros a\u00f1os de mandato de Alberto Fern\u00e1ndez, la Argentina se endeud\u00f3 en U$S33.000 millones por a\u00f1o. Para comparar, el Gobierno de Mauricio Macri se endeud\u00f3 en U$S 12.000 millones anuales\u00bb.<\/p>\n\n\n\n<p>&nbsp;&nbsp; \u00abCristina Kirchner, en su segundo mandato, tom\u00f3 casi US$ 17.000 millones por a\u00f1o. Entonces, no nos debe sorprender que el kirchnerismo tenga problemas con los datos y con la realidad\u00bb, se quej\u00f3 el economista, en declaraciones al programa \u00abCristina sin vueltas\u00bb, que se emite por radio Rivadavia.<\/p>\n\n\n\n<p>&nbsp;&nbsp; Adem\u00e1s, indic\u00f3 que los gobiernos toman deuda \u00abporque gastan m\u00e1s que lo que recaudan\u00bb y agreg\u00f3: \u00abEs decir, porque tienen m\u00e1s d\u00e9ficit fiscal. Cuando Macri toma la deuda con el FMI, es porque ten\u00eda una serie de vencimientos que en buena parte hab\u00eda heredado, y que ten\u00eda que pagar\u00bb.<\/p>\n\n\n\n<p>&nbsp;&nbsp; \u00abTanto Macri como Fern\u00e1ndez tomaron deuda con el FMI para pagar deuda\u00bb, a\u00f1adi\u00f3.<br>&nbsp;&nbsp; Por otra parte, Sandleris cuestion\u00f3 la segmentaci\u00f3n de tarifas que busca aplicar el Gobierno para reducir los subsidios a la electricidad y al gas.<\/p>\n\n\n\n<p>&nbsp;&nbsp; En ese sentido, consider\u00f3 que la segmentaci\u00f3n \u00abno alcanza para corregir el desequilibrio fiscal, pero es un sinsentido que un pa\u00eds con 40% de pobreza se est\u00e9 subsidiando las tarifas a quienes la pueden pagar\u00bb.<\/p>\n\n\n\n<p>&nbsp;&nbsp; No obstante, reconoci\u00f3 que con Macri hubo \u00aberrores\u00bb en la implementaci\u00f3n del ajuste de las tarifas.<\/p>\n\n\n\n<p>&nbsp;&nbsp; En este marco, el ex titular de la autoridad monetaria reclam\u00f3 al Gobierno que act\u00fae \u00abcon responsabilidad para resolver los problemas de la gente y no patearlos para adelante\u00bb, y culmin\u00f3: \u00abEs dif\u00edcil ser optimista, aunque todav\u00eda tiene la oportunidad para corregir\u00bb.<\/p>\n","protected":false},"excerpt":{"rendered":"<p>El ex presidente del Banco Central Guido Sandleris asegur\u00f3 hoy que el Gobierno de Alberto Fern\u00e1ndez se endeud\u00f3 m\u00e1s que el de Mauricio Macri, por lo cual consider\u00f3 que \u00abse est\u00e1 dejando una bomba\u00bb para quien asuma en 2023. &nbsp; &nbsp;\u00abEste Gobierno est\u00e1 dejando una bomba para la administraci\u00f3n que viene, que va a ser [&hellip;]<\/p>\n","protected":false},"author":2,"featured_media":12438,"comment_status":"open","ping_status":"open","sticky":false,"template":"","format":"standard","meta":{"footnotes":""},"categories":[44],"tags":[],"class_list":["post-12437","post","type-post","status-publish","format-standard","has-post-thumbnail","hentry","category-economia"],"_links":{"self":[{"href":"https:\/\/infoactual.com.ar\/index.php\/wp-json\/wp\/v2\/posts\/12437","targetHints":{"allow":["GET"]}}],"collection":[{"href":"https:\/\/infoactual.com.ar\/index.php\/wp-json\/wp\/v2\/posts"}],"about":[{"href":"https:\/\/infoactual.com.ar\/index.php\/wp-json\/wp\/v2\/types\/post"}],"author":[{"embeddable":true,"href":"https:\/\/infoactual.com.ar\/index.php\/wp-json\/wp\/v2\/users\/2"}],"replies":[{"embeddable":true,"href":"https:\/\/infoactual.com.ar\/index.php\/wp-json\/wp\/v2\/comments?post=12437"}],"version-history":[{"count":1,"href":"https:\/\/infoactual.com.ar\/index.php\/wp-json\/wp\/v2\/posts\/12437\/revisions"}],"predecessor-version":[{"id":12439,"href":"https:\/\/infoactual.com.ar\/index.php\/wp-json\/wp\/v2\/posts\/12437\/revisions\/12439"}],"wp:featuredmedia":[{"embeddable":true,"href":"https:\/\/infoactual.com.ar\/index.php\/wp-json\/wp\/v2\/media\/12438"}],"wp:attachment":[{"href":"https:\/\/infoactual.com.ar\/index.php\/wp-json\/wp\/v2\/media?parent=12437"}],"wp:term":[{"taxonomy":"category","embeddable":true,"href":"https:\/\/infoactual.com.ar\/index.php\/wp-json\/wp\/v2\/categories?post=12437"},{"taxonomy":"post_tag","embeddable":true,"href":"https:\/\/infoactual.com.ar\/index.php\/wp-json\/wp\/v2\/tags?post=12437"}],"curies":[{"name":"wp","href":"https:\/\/api.w.org\/{rel}","templated":true}]}}