{"id":1244,"date":"2021-04-20T14:26:26","date_gmt":"2021-04-20T14:26:26","guid":{"rendered":"http:\/\/infoactual.com.ar\/?p=1244"},"modified":"2021-04-20T14:26:27","modified_gmt":"2021-04-20T14:26:27","slug":"russo-pierde-a-mauro-zarate-por-desgarro-y-no-llevaria-a-tevez-a-la-paz-para-el-debut-de-boca-en-la-libertadores","status":"publish","type":"post","link":"https:\/\/infoactual.com.ar\/index.php\/2021\/04\/20\/russo-pierde-a-mauro-zarate-por-desgarro-y-no-llevaria-a-tevez-a-la-paz-para-el-debut-de-boca-en-la-libertadores\/","title":{"rendered":"RUSSO PIERDE A MAURO Z\u00c1RATE POR DESGARRO Y NO LLEVAR\u00cdA A TEVEZ A LA PAZ PARA EL DEBUT DE BOCA EN LA LIBERTADORES"},"content":{"rendered":"\n<p><strong>El entrenador de Boca, Miguel Angel Russo, perder\u00e1 durante varias semanas al delantero Mauro Z\u00e1rate, por lesi\u00f3n, mientras que es casi seguro que no lleve a Carlos Tevez al debut de la Copa Libertadores en la altura de La Paz, frente The Strongest.<\/strong><\/p>\n\n\n\n<p>&nbsp; &nbsp;El club \u00abxeneize\u00bb inform\u00f3 en sus redes sociales que Z\u00e1rate sufri\u00f3 una \u00ablesi\u00f3n muscular grado 1 del gemelo interno de la pierna izquierda\u00bb.<\/p>\n\n\n\n<p>&nbsp;&nbsp; El informe lleva la firma del Departament M\u00e9dico del F\u00fatbol Profesional del club de la Ribera, y de esta manera el jugador se perder\u00e1, no solo el inicio de la Copa Libertadores, sino todo lo que se le viene al equipo en los pr\u00f3ximos 21 d\u00edas.<\/p>\n\n\n\n<p>&nbsp;&nbsp; La lesi\u00f3n muscular que Z\u00e1rate fue en la parte posterior de la pierna izquierda, y por ese motivo debi\u00f3 ser reemplazado a los 37 minutos del primer tiempo del duelo ante Atl\u00e9tico Tucum\u00e1n, en la victoria 3 a 1.<\/p>\n\n\n\n<p>&nbsp;&nbsp; Adem\u00e1s de Z\u00e1rate, el domingo Russo sufri\u00f3 las bajas por coronavirus del defensor Marcos Rojo y el mediocampista colombiano Edwin Cardona, que fueron aislados a la espera de su evoluci\u00f3n.<br>.<br>Tevez no viajar\u00e1 a La Paz.<br>.<br>Por otra parte, Tevez no tomar\u00eda parte de la delegaci\u00f3n de Boca en el debut de la Copa Libertadores, en una decisi\u00f3n del entrenador, que tiene como argumento resguardar el f\u00edsico del delantero de 37 a\u00f1os, sin exponerlo al desgaste del viaje y lo que representa jugar a 3600 metros sobre el nivel del mar.<\/p>\n\n\n\n<p>&nbsp;&nbsp; Tevez permanecer\u00e1 en Buenos Aires entrenando, mientras que Franco Soldano ser\u00eda quien acompa\u00f1e al colombiano Sebasti\u00e1n Villa en el ataque de Boca, que modificar\u00eda nuevamente su esquema para tratar de lograr un buen resultado en La Paz.<\/p>\n\n\n\n<p>&nbsp;&nbsp; Tras el triunfo contra Atl\u00e9tico Tucum\u00e1n, el \u00abApache\u00bb hab\u00eda expresado su deseo de estar en el arranque de la Libertadores, m\u00e1s all\u00e1 del traj\u00edn l\u00f3gico que representa el viaje.<\/p>\n\n\n\n<p>&nbsp;&nbsp; \u00abUno siempre quiere estar y m\u00e1s con esta camiseta. Tambi\u00e9n es un desaf\u00edo para m\u00ed ver si puedo jugar tres partidos seguidos en una semana. Es un desaf\u00edo que tengo, pero tampoco puedo demostrar si puedo o no puedo, porque cuando hay partidos de Libertadores, Miguel (Russo) tiene eso de cuidarme y uno le hace caso a lo que Miguel quiere, pero mientras eso no pase, voy a estar preparado para jugar\u00bb, explic\u00f3.<\/p>\n\n\n\n<p>&nbsp;&nbsp; \u00abMe gustar\u00eda jugar los tres partidos para sacarme dudas, yo creo que puedo porque me siento bien f\u00edsicamente. La experiencia ayuda a que uno juegue de otra forma en La Paz, ya jugu\u00e9 ah\u00ed y eso influye\u00bb, complet\u00f3 el s\u00e1bado pasado, luego del triunfo sobre Atl\u00e9tico Tucum\u00e1n como local.<\/p>\n\n\n\n<p>&nbsp;&nbsp; Luego del viaje a La Paz, el \u00abXeneize\u00bb tiene que visitar el s\u00e1bado pr\u00f3ximo a Hurac\u00e1n en un momento clave para la clasificaci\u00f3n a los cuartos de final de la Copa de la Liga Profesional, y el martes recibir\u00e1 al Santos en el estadio \u00abLa Bombonera\u00bb.<\/p>\n","protected":false},"excerpt":{"rendered":"<p>El entrenador de Boca, Miguel Angel Russo, perder\u00e1 durante varias semanas al delantero Mauro Z\u00e1rate, por lesi\u00f3n, mientras que es casi seguro que no lleve a Carlos Tevez al debut de la Copa Libertadores en la altura de La Paz, frente The Strongest. &nbsp; &nbsp;El club \u00abxeneize\u00bb inform\u00f3 en sus redes sociales que Z\u00e1rate sufri\u00f3 [&hellip;]<\/p>\n","protected":false},"author":2,"featured_media":1245,"comment_status":"open","ping_status":"open","sticky":false,"template":"","format":"standard","meta":{"footnotes":""},"categories":[50],"tags":[],"class_list":["post-1244","post","type-post","status-publish","format-standard","has-post-thumbnail","hentry","category-deportes"],"_links":{"self":[{"href":"https:\/\/infoactual.com.ar\/index.php\/wp-json\/wp\/v2\/posts\/1244","targetHints":{"allow":["GET"]}}],"collection":[{"href":"https:\/\/infoactual.com.ar\/index.php\/wp-json\/wp\/v2\/posts"}],"about":[{"href":"https:\/\/infoactual.com.ar\/index.php\/wp-json\/wp\/v2\/types\/post"}],"author":[{"embeddable":true,"href":"https:\/\/infoactual.com.ar\/index.php\/wp-json\/wp\/v2\/users\/2"}],"replies":[{"embeddable":true,"href":"https:\/\/infoactual.com.ar\/index.php\/wp-json\/wp\/v2\/comments?post=1244"}],"version-history":[{"count":1,"href":"https:\/\/infoactual.com.ar\/index.php\/wp-json\/wp\/v2\/posts\/1244\/revisions"}],"predecessor-version":[{"id":1246,"href":"https:\/\/infoactual.com.ar\/index.php\/wp-json\/wp\/v2\/posts\/1244\/revisions\/1246"}],"wp:featuredmedia":[{"embeddable":true,"href":"https:\/\/infoactual.com.ar\/index.php\/wp-json\/wp\/v2\/media\/1245"}],"wp:attachment":[{"href":"https:\/\/infoactual.com.ar\/index.php\/wp-json\/wp\/v2\/media?parent=1244"}],"wp:term":[{"taxonomy":"category","embeddable":true,"href":"https:\/\/infoactual.com.ar\/index.php\/wp-json\/wp\/v2\/categories?post=1244"},{"taxonomy":"post_tag","embeddable":true,"href":"https:\/\/infoactual.com.ar\/index.php\/wp-json\/wp\/v2\/tags?post=1244"}],"curies":[{"name":"wp","href":"https:\/\/api.w.org\/{rel}","templated":true}]}}