{"id":12443,"date":"2022-03-02T16:17:08","date_gmt":"2022-03-02T19:17:08","guid":{"rendered":"http:\/\/infoactual.com.ar\/?p=12443"},"modified":"2022-03-02T16:17:09","modified_gmt":"2022-03-02T19:17:09","slug":"repro-ii-para-canillitas-el-gobierno-establecio-el-plazo-de-inscripcion","status":"publish","type":"post","link":"https:\/\/infoactual.com.ar\/index.php\/2022\/03\/02\/repro-ii-para-canillitas-el-gobierno-establecio-el-plazo-de-inscripcion\/","title":{"rendered":"REPRO II PARA CANILLITAS: EL GOBIERNO ESTABLECI\u00d3 EL PLAZO DE INSCRIPCI\u00d3N"},"content":{"rendered":"\n<p><strong>El Gobierno fij\u00f3 entre hoy y el 30 de junio pr\u00f3ximo el plazo para la inscripci\u00f3n al programa que otorga una asistencia de $120.000 a los titulares de paradas y\/o repartos de venta de diarios y revistas de todo el pa\u00eds.<\/strong><\/p>\n\n\n\n<p>&nbsp; &nbsp;Se trata del \u00abPrograma de Asistencia y Reconversi\u00f3n de Emergencia para titulares de paradas y\/o repartos de venta de diarios, revistas y afines\u00bb, creado por Resoluci\u00f3n del Ministerio de Trabajo del 30 de diciembre de 2021.<\/p>\n\n\n\n<p>&nbsp;&nbsp; La iniciativa consiste en el pago una suma dineraria individual de $120.000 que se har\u00e1 efectiva en seis cuotas consecutivas mensuales de $20.000 cada una, a los titulares de las paradas y\/o repartos que se encuentren registrados en el Subregistro de Vendedores de Diarios y Revistas, que forma parte del Registro Nacional Integrado de Vendedores y Distribuidores de Diarios, Revistas y Afines, creado por decreto en 2000.<\/p>\n\n\n\n<p>&nbsp;&nbsp; Ahora, a trav\u00e9s de la Resoluci\u00f3n 167\/2022 del Ministerio de Trabajo -publicada este mi\u00e9rcoles en el Bolet\u00edn Oficial- el Poder Ejecutivo estableci\u00f3 que el plazo de inscripci\u00f3n al Programa correr\u00e1 desde el 2 de marzo al 30 de junio de 2022.<\/p>\n\n\n\n<p>&nbsp;&nbsp; \u00abCon el objeto de permitir que el universo de potenciales sujetos alcanzados puedan acceder al beneficio establecido en el Programa de Asistencia y Reconversi\u00f3n de Emergencia para titulares de paradas y\/o repartos de venta de diarios, revistas y afines, resulta necesario establecer el plazo para la inscripci\u00f3n al citado Programa a trav\u00e9s del servicio habilitado en la p\u00e1gina web de la AFIP\u00bb, de acuerdo con el texto oficial.<\/p>\n\n\n\n<p>&nbsp;&nbsp; Los \u00abcanillitas\u00bb acceder\u00e1n al beneficio si est\u00e1n debidamente registrados, si tienen vigente la credencial habilitante que otorga la cartera laboral, si est\u00e1n inscriptos en la AFIP como monotributistas o en el r\u00e9gimen de trabajo aut\u00f3nomo y si realizaron al menos un pago al sistema laboral independiente correspondiente a los \u00faltimos 12 meses previos al Programa.<\/p>\n\n\n\n<p>&nbsp;&nbsp; Los beneficiarios no podr\u00e1n figurar en el Registro P\u00fablico de Empleadores con Sanciones Laborales (Repsal) y tampoco podr\u00e1n tener durante el mes anterior al pago de la asistencia dineraria ingresos por un empleo asalariado, jubilaci\u00f3n o pensi\u00f3n, un programa social y de empleo, a excepci\u00f3n de la Asignaci\u00f3n Universal por Hijo (AUH) o por Embarazo.<\/p>\n","protected":false},"excerpt":{"rendered":"<p>El Gobierno fij\u00f3 entre hoy y el 30 de junio pr\u00f3ximo el plazo para la inscripci\u00f3n al programa que otorga una asistencia de $120.000 a los titulares de paradas y\/o repartos de venta de diarios y revistas de todo el pa\u00eds. &nbsp; &nbsp;Se trata del \u00abPrograma de Asistencia y Reconversi\u00f3n de Emergencia para titulares de [&hellip;]<\/p>\n","protected":false},"author":2,"featured_media":12444,"comment_status":"open","ping_status":"open","sticky":false,"template":"","format":"standard","meta":{"footnotes":""},"categories":[46],"tags":[],"class_list":["post-12443","post","type-post","status-publish","format-standard","has-post-thumbnail","hentry","category-gremial"],"_links":{"self":[{"href":"https:\/\/infoactual.com.ar\/index.php\/wp-json\/wp\/v2\/posts\/12443","targetHints":{"allow":["GET"]}}],"collection":[{"href":"https:\/\/infoactual.com.ar\/index.php\/wp-json\/wp\/v2\/posts"}],"about":[{"href":"https:\/\/infoactual.com.ar\/index.php\/wp-json\/wp\/v2\/types\/post"}],"author":[{"embeddable":true,"href":"https:\/\/infoactual.com.ar\/index.php\/wp-json\/wp\/v2\/users\/2"}],"replies":[{"embeddable":true,"href":"https:\/\/infoactual.com.ar\/index.php\/wp-json\/wp\/v2\/comments?post=12443"}],"version-history":[{"count":1,"href":"https:\/\/infoactual.com.ar\/index.php\/wp-json\/wp\/v2\/posts\/12443\/revisions"}],"predecessor-version":[{"id":12445,"href":"https:\/\/infoactual.com.ar\/index.php\/wp-json\/wp\/v2\/posts\/12443\/revisions\/12445"}],"wp:featuredmedia":[{"embeddable":true,"href":"https:\/\/infoactual.com.ar\/index.php\/wp-json\/wp\/v2\/media\/12444"}],"wp:attachment":[{"href":"https:\/\/infoactual.com.ar\/index.php\/wp-json\/wp\/v2\/media?parent=12443"}],"wp:term":[{"taxonomy":"category","embeddable":true,"href":"https:\/\/infoactual.com.ar\/index.php\/wp-json\/wp\/v2\/categories?post=12443"},{"taxonomy":"post_tag","embeddable":true,"href":"https:\/\/infoactual.com.ar\/index.php\/wp-json\/wp\/v2\/tags?post=12443"}],"curies":[{"name":"wp","href":"https:\/\/api.w.org\/{rel}","templated":true}]}}