{"id":12446,"date":"2022-03-02T16:19:42","date_gmt":"2022-03-02T19:19:42","guid":{"rendered":"http:\/\/infoactual.com.ar\/?p=12446"},"modified":"2022-03-02T16:19:43","modified_gmt":"2022-03-02T19:19:43","slug":"almendra-contraataco-fuerte-y-sin-nombrarlo-hablo-de-benedetto","status":"publish","type":"post","link":"https:\/\/infoactual.com.ar\/index.php\/2022\/03\/02\/almendra-contraataco-fuerte-y-sin-nombrarlo-hablo-de-benedetto\/","title":{"rendered":"ALMENDRA CONTRAATAC\u00d3 FUERTE Y SIN NOMBRARLO HABL\u00d3 DE BENEDETTO"},"content":{"rendered":"\n<p><strong>El cortocircuito interno en Boca no para de tener chispazos y tras las cr\u00edticas de Dar\u00edo Benedetto a su compa\u00f1ero Agust\u00edn Almendra, quien fue separado del plantel por un acto de indisciplina, este le contest\u00f3 en las redes sociales, aunque sin nombrarlo.<\/strong><\/p>\n\n\n\n<p>&nbsp; &nbsp;\u00abEn la lealtad no existen los grises. Es blanco o negro. O eres completamente leal o no lo eres en absoluto. No puedes ser leal solo cuando te conviene\u00bb, poste\u00f3 Almendra en su cuenta.<\/p>\n\n\n\n<p>&nbsp;&nbsp; La palabra \u00abLealtad\u00bb es la que tiene tatuada en su cabeza Benedetto y el justamente a la que se refiri\u00f3 Almendra en sus redes sociales.<\/p>\n\n\n\n<p>&nbsp;&nbsp; El joven de 22 a\u00f1os fue separado del plantel profesional \u00abxeneize\u00bb por decisi\u00f3n del entrenador Sebasti\u00e1n Battaglia, luego de una discusi\u00f3n que tuvieron en un entrenamiento.<\/p>\n\n\n\n<p>&nbsp;&nbsp; En tanto, Benedetto sali\u00f3 a respaldar la decisi\u00f3n del cuerpo t\u00e9cniro y el Consejo de F\u00fatbol y asegur\u00f3 que la situaci\u00f3n de Almendra dentro del grupo \u00abno se aguantaba m\u00e1s\u00bb.<\/p>\n","protected":false},"excerpt":{"rendered":"<p>El cortocircuito interno en Boca no para de tener chispazos y tras las cr\u00edticas de Dar\u00edo Benedetto a su compa\u00f1ero Agust\u00edn Almendra, quien fue separado del plantel por un acto de indisciplina, este le contest\u00f3 en las redes sociales, aunque sin nombrarlo. &nbsp; &nbsp;\u00abEn la lealtad no existen los grises. Es blanco o negro. O [&hellip;]<\/p>\n","protected":false},"author":2,"featured_media":12447,"comment_status":"open","ping_status":"open","sticky":false,"template":"","format":"standard","meta":{"footnotes":""},"categories":[50],"tags":[],"class_list":["post-12446","post","type-post","status-publish","format-standard","has-post-thumbnail","hentry","category-deportes"],"_links":{"self":[{"href":"https:\/\/infoactual.com.ar\/index.php\/wp-json\/wp\/v2\/posts\/12446","targetHints":{"allow":["GET"]}}],"collection":[{"href":"https:\/\/infoactual.com.ar\/index.php\/wp-json\/wp\/v2\/posts"}],"about":[{"href":"https:\/\/infoactual.com.ar\/index.php\/wp-json\/wp\/v2\/types\/post"}],"author":[{"embeddable":true,"href":"https:\/\/infoactual.com.ar\/index.php\/wp-json\/wp\/v2\/users\/2"}],"replies":[{"embeddable":true,"href":"https:\/\/infoactual.com.ar\/index.php\/wp-json\/wp\/v2\/comments?post=12446"}],"version-history":[{"count":1,"href":"https:\/\/infoactual.com.ar\/index.php\/wp-json\/wp\/v2\/posts\/12446\/revisions"}],"predecessor-version":[{"id":12448,"href":"https:\/\/infoactual.com.ar\/index.php\/wp-json\/wp\/v2\/posts\/12446\/revisions\/12448"}],"wp:featuredmedia":[{"embeddable":true,"href":"https:\/\/infoactual.com.ar\/index.php\/wp-json\/wp\/v2\/media\/12447"}],"wp:attachment":[{"href":"https:\/\/infoactual.com.ar\/index.php\/wp-json\/wp\/v2\/media?parent=12446"}],"wp:term":[{"taxonomy":"category","embeddable":true,"href":"https:\/\/infoactual.com.ar\/index.php\/wp-json\/wp\/v2\/categories?post=12446"},{"taxonomy":"post_tag","embeddable":true,"href":"https:\/\/infoactual.com.ar\/index.php\/wp-json\/wp\/v2\/tags?post=12446"}],"curies":[{"name":"wp","href":"https:\/\/api.w.org\/{rel}","templated":true}]}}