{"id":1247,"date":"2021-04-20T14:31:19","date_gmt":"2021-04-20T14:31:19","guid":{"rendered":"http:\/\/infoactual.com.ar\/?p=1247"},"modified":"2021-04-20T14:31:20","modified_gmt":"2021-04-20T14:31:20","slug":"bianco-por-las-restricciones-ya-no-tenemos-un-alza-exponencial-de-los-casos-de-covid-19-sino-relativamente-moderado","status":"publish","type":"post","link":"https:\/\/infoactual.com.ar\/index.php\/2021\/04\/20\/bianco-por-las-restricciones-ya-no-tenemos-un-alza-exponencial-de-los-casos-de-covid-19-sino-relativamente-moderado\/","title":{"rendered":"BIANCO: \u00abPOR LAS RESTRICCIONES YA NO TENEMOS UN ALZA EXPONENCIAL DE LOS CASOS DE COVID-19 SINO RELATIVAMENTE MODERADO\u00bb"},"content":{"rendered":"\n<p><strong>El jefe de Gabinete bonaerense, Carlos Bianco, asegur\u00f3 hoy que gracias a las medidas de restricci\u00f3n de circulaci\u00f3n social establecidas por el Gobierno nacional el crecimiento de casos de Covid-19 en la provincia de Buenos Aires \u00abya no es exponencial sino relativamente moderado\u00bb.<\/strong><\/p>\n\n\n\n<p>&nbsp; &nbsp;El funcionario anunci\u00f3 que desde ma\u00f1ana se sumar\u00e1n a la fase dos del distanciamiento, social preventivo y obligatorio (DISPO) los distritos de Z\u00e1rate, Castelli y General Villegas, por pedido de su intendentes.<\/p>\n\n\n\n<p>&nbsp;&nbsp; De esta manera, dijo el funcionario, pasar\u00e1n a ser 38 los distritos de la provincia de Buenos Aires que estar\u00e1n en la fase dos dos Dispo, con restricciones m\u00e1s fuertes que el resto por la suba de contagios de Covid-19.<\/p>\n\n\n\n<p>&nbsp;&nbsp; Bianco aclar\u00f3 que estas decisiones fueron consensuadas con los intendentes de los distritos, quienes solicitaron pasar a fase dos por la preocupaci\u00f3n que tambi\u00e9n les genera el incremento en la ocupaci\u00f3n de camas.<\/p>\n\n\n\n<p>&nbsp;&nbsp; \u00abEl intendente de General Villegas, que es de Juntos por el Cambio, nos pidi\u00f3 tambi\u00e9n pasar a fase dos\u00bb, dijo el funcionario bonaerense y precis\u00f3 que en estos tres distritos habr\u00e1 suspensi\u00f3n de clases por dos semanas desde el lunes 26 de abril.<\/p>\n\n\n\n<p>&nbsp;&nbsp; Bianco precis\u00f3, no obstante, que el gobierno ha trabajado en detalle con el intendente de General Villegas, Eduardo Campana, y no en todas las localidades de ese distrito habr\u00e1 suspensi\u00f3n de clases.<\/p>\n\n\n\n<p>&nbsp;&nbsp; Por ello, las clases presenciales seguiran en Santa Eleodora, Villa Saboya, Ca\u00f1ada Seca y Coronel Charlone, que son rurales y en las que no hay casos de Covid-19.<\/p>\n\n\n\n<p>&nbsp;&nbsp; \u00abLo que estamos haciendo es una sinton\u00eda muy fina con los intendentes, demostrando que s\u00ed somos flexibles y que se puede trabajar en un sistema din\u00e1mico que se va actualizando\u00bb, dijo Bianco en una conferencia de prensa con el ministro de Salud, Daniel Goll\u00e1n. .<\/p>\n\n\n\n<p>&nbsp;&nbsp; El jefe de Gabinete precis\u00f3 que desde ma\u00f1ana habr\u00e1 45 municipios en fase tres; 51 en fase cuatro; y s\u00f3lo uno en fase cinco, que es Tordillo.<\/p>\n\n\n\n<p>&nbsp;&nbsp; Bianco celebr\u00f3 que en la \u00faltima semana se ha observado una desaceleraci\u00f3n en la cantidad de casos registrados por la aplicaci\u00f3n de medidas de restricci\u00f3n, en comparaci\u00f3n con las semanas previas.<\/p>\n\n\n\n<p>&nbsp;&nbsp; \u00abLa semana pasada los casos aumentaron un 17% y la anterior se hab\u00edan incrementado en un 67%. Hab\u00edamos pasado de 6.000 casos promedio diario a 10.000 y en la \u00faltima semana, de 10.000 a 11.700. Eso indica que ya no hay un crecimiento exponencial de los casos sino que es relativamente moderado\u00bb, dijo.<br>.<br>Bianco record\u00f3 la lista de actividades prohibidas de la fase dos.<br>.<br>Est\u00e1n prohibidas en los distritos en fase dos actividades como los espect\u00e1culos y artes esc\u00e9nicas y musicales al aire libre; salas y complejos de cine y teatro; talleres culturales; jardines maternales y centros de atenci\u00f3n de desarrollo infantil; clases presenciales y actividades educativas no escolares.<\/p>\n\n\n\n<p>&nbsp;&nbsp; Tambi\u00e9n celebraci\u00f3n de ritos religiosos en espacios cerrados; natatorios en espacios cerrados; restaurantes y bares en el interior de los locales; gimnasios en espacios cerrados; shoppings; museos; actividades y reuniones familiares y sociales en los domicilios particulares.<\/p>\n\n\n\n<p>&nbsp;&nbsp; Del mismo modo, est\u00e1n prohibidos bingos y casinos; bibliotecas; mercados y ferias de artesan\u00edas y alimentos en espacios cerrados; y viajes de egresados; adem\u00e1s, rigen las restricciones horarias que estableci\u00f3 el gobierno nacional a trav\u00e9s del Decreto de Necesidad y Urgencia 214.<\/p>\n\n\n\n<p>&nbsp;&nbsp; Las actividades deportivas s\u00f3lo est\u00e1n permitidas al aire libre y hasta diez personas.<\/p>\n","protected":false},"excerpt":{"rendered":"<p>El jefe de Gabinete bonaerense, Carlos Bianco, asegur\u00f3 hoy que gracias a las medidas de restricci\u00f3n de circulaci\u00f3n social establecidas por el Gobierno nacional el crecimiento de casos de Covid-19 en la provincia de Buenos Aires \u00abya no es exponencial sino relativamente moderado\u00bb. &nbsp; &nbsp;El funcionario anunci\u00f3 que desde ma\u00f1ana se sumar\u00e1n a la fase [&hellip;]<\/p>\n","protected":false},"author":2,"featured_media":1248,"comment_status":"open","ping_status":"open","sticky":false,"template":"","format":"standard","meta":{"footnotes":""},"categories":[51],"tags":[48],"class_list":["post-1247","post","type-post","status-publish","format-standard","has-post-thumbnail","hentry","category-provincias","tag-destacada"],"_links":{"self":[{"href":"https:\/\/infoactual.com.ar\/index.php\/wp-json\/wp\/v2\/posts\/1247","targetHints":{"allow":["GET"]}}],"collection":[{"href":"https:\/\/infoactual.com.ar\/index.php\/wp-json\/wp\/v2\/posts"}],"about":[{"href":"https:\/\/infoactual.com.ar\/index.php\/wp-json\/wp\/v2\/types\/post"}],"author":[{"embeddable":true,"href":"https:\/\/infoactual.com.ar\/index.php\/wp-json\/wp\/v2\/users\/2"}],"replies":[{"embeddable":true,"href":"https:\/\/infoactual.com.ar\/index.php\/wp-json\/wp\/v2\/comments?post=1247"}],"version-history":[{"count":1,"href":"https:\/\/infoactual.com.ar\/index.php\/wp-json\/wp\/v2\/posts\/1247\/revisions"}],"predecessor-version":[{"id":1249,"href":"https:\/\/infoactual.com.ar\/index.php\/wp-json\/wp\/v2\/posts\/1247\/revisions\/1249"}],"wp:featuredmedia":[{"embeddable":true,"href":"https:\/\/infoactual.com.ar\/index.php\/wp-json\/wp\/v2\/media\/1248"}],"wp:attachment":[{"href":"https:\/\/infoactual.com.ar\/index.php\/wp-json\/wp\/v2\/media?parent=1247"}],"wp:term":[{"taxonomy":"category","embeddable":true,"href":"https:\/\/infoactual.com.ar\/index.php\/wp-json\/wp\/v2\/categories?post=1247"},{"taxonomy":"post_tag","embeddable":true,"href":"https:\/\/infoactual.com.ar\/index.php\/wp-json\/wp\/v2\/tags?post=1247"}],"curies":[{"name":"wp","href":"https:\/\/api.w.org\/{rel}","templated":true}]}}