{"id":13071,"date":"2022-03-20T09:46:11","date_gmt":"2022-03-20T12:46:11","guid":{"rendered":"http:\/\/infoactual.com.ar\/?p=13071"},"modified":"2022-03-20T09:46:12","modified_gmt":"2022-03-20T12:46:12","slug":"cuales-son-las-11-empresas-que-estaran-alcanzadas-por-el-auento-de-las-retenciones-que-anuncio-el-gobierno","status":"publish","type":"post","link":"https:\/\/infoactual.com.ar\/index.php\/2022\/03\/20\/cuales-son-las-11-empresas-que-estaran-alcanzadas-por-el-auento-de-las-retenciones-que-anuncio-el-gobierno\/","title":{"rendered":"\u00bfCU\u00c1LES SON LAS 11 EMPRESAS QUE ESTAR\u00c1N ALCANZADAS POR EL AUENTO DE LAS RETENCIONES QUE ANUNCI\u00d3 EL GOBIERNO?"},"content":{"rendered":"\n<p><strong>Luego de que el Gobierno anunci\u00f3 la suba de dos puntos para las retenciones al aceite y la harina de soja, que pasar\u00e1 de 31 a 33%, el ministro de Agricultura, Juli\u00e1n Dom\u00ednguez, detall\u00f3 que la medida ser\u00e1 de car\u00e1cter \u00abtemporario\u00bb y explic\u00f3 que \u00ab11 empresas exportadoras\u00bb ser\u00e1n las alcanzadas por la medida.<\/strong><\/p>\n\n\n\n<p>&nbsp; &nbsp;Fuentes del Ministerio de Agricultura detallaron a NA que las empresas afectadas por la medida son la canadiense Viterra (Oleaginosas Moreno), que exporta el 25% del total; la estadounidense Cargill, con el 14%; y Molinos Agro, con el 14%.<\/p>\n\n\n\n<p>&nbsp;&nbsp; Tambi\u00e9n con el 14% de la participaci\u00f3n se ubica Aceitera General Deheza; seguida por el holding estatal chino Cofco (China National Cereals, Oil &amp; Foodstuffs), con el 11%; la francesa Louis Dreyfus Commodities, con el 6%; y la estadounidense Bunge, con el 5 por ciento.<\/p>\n\n\n\n<p>&nbsp;&nbsp; Con el 5% de las exportaciones, tambi\u00e9n quedar\u00e1 comprendida en la medida la empresa Asociaci\u00f3n de Cooperativas Argentinas (ACA); YPF, con el 3%; Agricultores Federados Argentinos, con el 1%; la portuguesa Amaggi, con el 1%; otros, 1 por ciento.<\/p>\n\n\n\n<p>&nbsp;&nbsp; Durante una conferencia de prensa, Dom\u00ednguez la decisi\u00f3n del Ejecutivo \u00abno afectar\u00e1 a los productores\u00bb, cuya afirmaci\u00f3n fue refutada por la C\u00e1mara de la Industria Aceitera (CIARA).<\/p>\n\n\n\n<p>&nbsp;&nbsp; \u00abToda la cadena de la soja se ver\u00e1 severamente afectada al castigar la capacidad de pago del principal comprador de soja del pa\u00eds\u00bb, precis\u00f3 la CIARA en un comunicado.<\/p>\n\n\n\n<p>&nbsp;&nbsp; Adem\u00e1s, afirm\u00f3 que \u00abel Gobierno decidi\u00f3 subir al\u00edcuotas en productos procesados que no afectan el \u00edndice de inflaci\u00f3n, pero deterioran las condiciones de producci\u00f3n, trabajo y exportaci\u00f3n del primer complejo exportador nacional\u00bb.<\/p>\n\n\n\n<p>&nbsp;&nbsp; Por \u00faltimo, la CIARA puntualiz\u00f3: \u00abEstos productos representan un tercio de las exportaciones totales de la Argentina y se encuentran en el primer y segundo lugar del ranking anual de ventas totales del pa\u00eds al mundo\u00bb.<\/p>\n\n\n\n<p>&nbsp;&nbsp; \u00abEsta medida es una clara indicaci\u00f3n que el Gobierno desincentiva las exportaciones, y castiga el empleo industrial, particularmente de las provincias de C\u00f3rdoba, Santa Fe y Buenos Aires\u00bb, agreg\u00f3.<\/p>\n","protected":false},"excerpt":{"rendered":"<p>Luego de que el Gobierno anunci\u00f3 la suba de dos puntos para las retenciones al aceite y la harina de soja, que pasar\u00e1 de 31 a 33%, el ministro de Agricultura, Juli\u00e1n Dom\u00ednguez, detall\u00f3 que la medida ser\u00e1 de car\u00e1cter \u00abtemporario\u00bb y explic\u00f3 que \u00ab11 empresas exportadoras\u00bb ser\u00e1n las alcanzadas por la medida. &nbsp; &nbsp;Fuentes [&hellip;]<\/p>\n","protected":false},"author":2,"featured_media":13072,"comment_status":"open","ping_status":"open","sticky":false,"template":"","format":"standard","meta":{"footnotes":""},"categories":[44],"tags":[],"class_list":["post-13071","post","type-post","status-publish","format-standard","has-post-thumbnail","hentry","category-economia"],"_links":{"self":[{"href":"https:\/\/infoactual.com.ar\/index.php\/wp-json\/wp\/v2\/posts\/13071","targetHints":{"allow":["GET"]}}],"collection":[{"href":"https:\/\/infoactual.com.ar\/index.php\/wp-json\/wp\/v2\/posts"}],"about":[{"href":"https:\/\/infoactual.com.ar\/index.php\/wp-json\/wp\/v2\/types\/post"}],"author":[{"embeddable":true,"href":"https:\/\/infoactual.com.ar\/index.php\/wp-json\/wp\/v2\/users\/2"}],"replies":[{"embeddable":true,"href":"https:\/\/infoactual.com.ar\/index.php\/wp-json\/wp\/v2\/comments?post=13071"}],"version-history":[{"count":1,"href":"https:\/\/infoactual.com.ar\/index.php\/wp-json\/wp\/v2\/posts\/13071\/revisions"}],"predecessor-version":[{"id":13073,"href":"https:\/\/infoactual.com.ar\/index.php\/wp-json\/wp\/v2\/posts\/13071\/revisions\/13073"}],"wp:featuredmedia":[{"embeddable":true,"href":"https:\/\/infoactual.com.ar\/index.php\/wp-json\/wp\/v2\/media\/13072"}],"wp:attachment":[{"href":"https:\/\/infoactual.com.ar\/index.php\/wp-json\/wp\/v2\/media?parent=13071"}],"wp:term":[{"taxonomy":"category","embeddable":true,"href":"https:\/\/infoactual.com.ar\/index.php\/wp-json\/wp\/v2\/categories?post=13071"},{"taxonomy":"post_tag","embeddable":true,"href":"https:\/\/infoactual.com.ar\/index.php\/wp-json\/wp\/v2\/tags?post=13071"}],"curies":[{"name":"wp","href":"https:\/\/api.w.org\/{rel}","templated":true}]}}