{"id":13074,"date":"2022-03-20T09:49:17","date_gmt":"2022-03-20T12:49:17","guid":{"rendered":"http:\/\/infoactual.com.ar\/?p=13074"},"modified":"2022-03-20T09:49:18","modified_gmt":"2022-03-20T12:49:18","slug":"dario-martinez-rechazo-estar-enfrentado-con-guzman-por-falta-de-fondos-para-el-sistema-energetico","status":"publish","type":"post","link":"https:\/\/infoactual.com.ar\/index.php\/2022\/03\/20\/dario-martinez-rechazo-estar-enfrentado-con-guzman-por-falta-de-fondos-para-el-sistema-energetico\/","title":{"rendered":"DAR\u00cdO MART\u00cdNEZ RECHAZ\u00d3 ESTAR ENFRENTADO CON GUZM\u00c1N POR FALTA DE FONDOS PARA EL SISTEMA ENERG\u00c9TICO"},"content":{"rendered":"\n<p><strong>El secretario de Energ\u00eda, Dar\u00edo Mart\u00ednez, afirm\u00f3 que el abastecimiento energ\u00e9tico \u00abest\u00e1 asegurado\u00bb, y rechaz\u00f3 que tenga un enfrentamiento con el ministro de Econom\u00eda, Mart\u00edn Guzm\u00e1n, por partidas presupuestarias.<\/strong><\/p>\n\n\n\n<p>&nbsp; &nbsp;\u00abNo est\u00e1 en peligro la provisi\u00f3n del sistema energ\u00e9tico.<br>&nbsp;&nbsp;Tenemos asegurado el abastecimiento\u00bb, resalt\u00f3 el funcionario.<br>&nbsp;&nbsp; As\u00ed, Mart\u00ednez baj\u00f3 el tono de una nota que dirigi\u00f3 esta semana a Guzm\u00e1n, en la que advirti\u00f3 que esa cartera redujo considerablemente el presupuesto de su \u00e1rea y, en consecuencia, no hab\u00eda recursos suficientes para pagar el gas en marzo.<\/p>\n\n\n\n<p>&nbsp;&nbsp; Horas despu\u00e9s de ese reclamo, el jefe del Palacio de Hacienda habilit\u00f3 las partidas necesarias para dar cumplimiento a los requerimientos del mes. .<\/p>\n\n\n\n<p>&nbsp;&nbsp; Mart\u00ednez asegur\u00f3, en declaraciones radiales, que \u00abes habitual elevar una nota a una autoridad en funci\u00f3n de una situaci\u00f3n. No hay una carta ni peleas. El tenor de la nota es grave porque es grave la situaci\u00f3n mundial\u00bb.<\/p>\n\n\n\n<p>&nbsp;&nbsp; En ese sentido, asegur\u00f3 que la Argentina \u00abno escapa a la crisis internacional de la energ\u00eda\u00bb.&nbsp; &nbsp;\u00abPor eso, parte del trabajo es ir ajustando y modificando los topespresupuestarios. Lo que hay es una situaci\u00f3n que explica, en funci\u00f3n de qu\u00e9 pagos logremos conseguir o no, qu\u00e9 suceder\u00eda. Pero ya est\u00e1 resuelto, dado que los topes que tenemos nos van a permitir que el sistema funcione\u00bb, enfatiz\u00f3 el funcionario.<\/p>\n\n\n\n<p>&nbsp;&nbsp; Y abund\u00f3: \u00aben esa nota, como corresponde en cualquier expediente, explico cu\u00e1l es la situaci\u00f3n y qu\u00e9 es lo que va a suceder. Pero no hay cr\u00edticas de ninguna manera al Presidente (Alberto Fern\u00e1ndez)\u00bb.<br>&nbsp;&nbsp;<\/p>\n\n\n\n<p>Para Mart\u00ednez, con el texto que envi\u00f3 a Guzm\u00e1n el objetivo era \u00abasegurar el cumplimiento necesario para que el sistema no se resienta, a\u00fan en este contexto (de crisis mundial por la guerra en Ucrania)\u00bb.<\/p>\n\n\n\n<p>&nbsp;&nbsp; \u00abEste tipo de notas con la Secretar\u00eda de Hacienda y con Econom\u00eda son permanentes, cada vez que hay alg\u00fan problema de presupuesto necesario para que el sistema no se resienta\u00bb, concluy\u00f3.<\/p>\n","protected":false},"excerpt":{"rendered":"<p>El secretario de Energ\u00eda, Dar\u00edo Mart\u00ednez, afirm\u00f3 que el abastecimiento energ\u00e9tico \u00abest\u00e1 asegurado\u00bb, y rechaz\u00f3 que tenga un enfrentamiento con el ministro de Econom\u00eda, Mart\u00edn Guzm\u00e1n, por partidas presupuestarias. &nbsp; &nbsp;\u00abNo est\u00e1 en peligro la provisi\u00f3n del sistema energ\u00e9tico.&nbsp;&nbsp;Tenemos asegurado el abastecimiento\u00bb, resalt\u00f3 el funcionario.&nbsp;&nbsp; As\u00ed, Mart\u00ednez baj\u00f3 el tono de una nota que dirigi\u00f3 [&hellip;]<\/p>\n","protected":false},"author":2,"featured_media":13075,"comment_status":"open","ping_status":"open","sticky":false,"template":"","format":"standard","meta":{"footnotes":""},"categories":[44],"tags":[],"class_list":["post-13074","post","type-post","status-publish","format-standard","has-post-thumbnail","hentry","category-economia"],"_links":{"self":[{"href":"https:\/\/infoactual.com.ar\/index.php\/wp-json\/wp\/v2\/posts\/13074","targetHints":{"allow":["GET"]}}],"collection":[{"href":"https:\/\/infoactual.com.ar\/index.php\/wp-json\/wp\/v2\/posts"}],"about":[{"href":"https:\/\/infoactual.com.ar\/index.php\/wp-json\/wp\/v2\/types\/post"}],"author":[{"embeddable":true,"href":"https:\/\/infoactual.com.ar\/index.php\/wp-json\/wp\/v2\/users\/2"}],"replies":[{"embeddable":true,"href":"https:\/\/infoactual.com.ar\/index.php\/wp-json\/wp\/v2\/comments?post=13074"}],"version-history":[{"count":1,"href":"https:\/\/infoactual.com.ar\/index.php\/wp-json\/wp\/v2\/posts\/13074\/revisions"}],"predecessor-version":[{"id":13076,"href":"https:\/\/infoactual.com.ar\/index.php\/wp-json\/wp\/v2\/posts\/13074\/revisions\/13076"}],"wp:featuredmedia":[{"embeddable":true,"href":"https:\/\/infoactual.com.ar\/index.php\/wp-json\/wp\/v2\/media\/13075"}],"wp:attachment":[{"href":"https:\/\/infoactual.com.ar\/index.php\/wp-json\/wp\/v2\/media?parent=13074"}],"wp:term":[{"taxonomy":"category","embeddable":true,"href":"https:\/\/infoactual.com.ar\/index.php\/wp-json\/wp\/v2\/categories?post=13074"},{"taxonomy":"post_tag","embeddable":true,"href":"https:\/\/infoactual.com.ar\/index.php\/wp-json\/wp\/v2\/tags?post=13074"}],"curies":[{"name":"wp","href":"https:\/\/api.w.org\/{rel}","templated":true}]}}