{"id":13083,"date":"2022-03-21T11:59:48","date_gmt":"2022-03-21T14:59:48","guid":{"rendered":"http:\/\/infoactual.com.ar\/?p=13083"},"modified":"2022-03-21T11:59:49","modified_gmt":"2022-03-21T14:59:49","slug":"denunciaron-a-beatriz-de-anchorena-la-flamante-titular-de-la-agencia-de-acceso-a-la-informacion-publica","status":"publish","type":"post","link":"https:\/\/infoactual.com.ar\/index.php\/2022\/03\/21\/denunciaron-a-beatriz-de-anchorena-la-flamante-titular-de-la-agencia-de-acceso-a-la-informacion-publica\/","title":{"rendered":"DENUNCIARON A BEATRIZ DE ANCHORENA, LA FLAMANTE TITULAR DE LA AGENCIA DE ACCESO A LA INFORMACI\u00d3N P\u00daBLICA"},"content":{"rendered":"\n<p><strong>Una ONG denunci\u00f3 penalmente a la flamante titular de la Agencia de Acceso a la Informaci\u00f3n P\u00fablica, Beatriz de Anchorena, por los presuntos delitos de \u00abincumplimiento de deberes de funcionario p\u00fablico y abuso de autoridad\u00bb a ra\u00edz de una \u00abpr\u00f3rroga excepcional\u00bb que estableci\u00f3 apenas asumi\u00f3 el cargo.<\/strong><\/p>\n\n\n\n<p>&nbsp; &nbsp;La Fundaci\u00f3n Apolo, con el patrocinio de los abogados Jos\u00e9 Magioncalda y Juan Pablo Pane, sostuvo que de Anchorena dict\u00f3 una resoluci\u00f3n \u00abpor la cual estableci\u00f3 una pr\u00f3rroga excepcional de los plazos de los procedimientos administrativos en la ley de acceso a la informaci\u00f3n p\u00fablica, cuyo vencimiento opere entre el 10 de marzo y el 10 de abril del 2022\u00bb.<\/p>\n\n\n\n<p>&nbsp;&nbsp; Los denunciantes cuestionan que De Anchorena \u00abhaya suspendido plazos creados por ley, mediante una mera resoluci\u00f3n administrativa\u00bb.<\/p>\n\n\n\n<p>&nbsp;&nbsp; \u00abNo se ve ninguna razonabilidad en que la autoridad encargada del cumplimiento de una ley se considere con facultades para suspender su cumplimiento. Al contrario, se trata de un verdadero disparate\u00bb, sostiene la denuncia.<\/p>\n\n\n\n<p>&nbsp;&nbsp; La causa, que qued\u00f3 radicada ante el juzgado federal de Sebasti\u00e1n Casanello y qued\u00f3 registrada con el n\u00famero 873\/2022, advierte que la pr\u00f3rroga podr\u00eda tornar en ilusorios los derechos que derivan de la aplicaci\u00f3n de la ley.<\/p>\n\n\n\n<p>&nbsp;&nbsp; \u00ab\u00bfQu\u00e9 utilidad tendr\u00eda para un ciudadano recibir la informaci\u00f3n p\u00fablica solicitada si, a causa de una ileg\u00edtima pr\u00f3rroga, prescriben los plazos para accionar contra il\u00edcitos administrativos o penales de funcionarios p\u00fablicos?\u00bb, se preguntaron los denunciantes.<\/p>\n\n\n\n<p>&nbsp;&nbsp; En ese contexto, a\u00f1adieron: \u00ab\u00bfQu\u00e9 utilidad tendr\u00eda la informaci\u00f3n obtenida luego de una pr\u00f3rroga ileg\u00edtima, si se vuelve in\u00fatil por desactualizada, la informaci\u00f3n obtenida por un ciudadano, ya sea para controlar al poder o para tomar decisiones sobre su propia vida?\u00bb.<\/p>\n\n\n\n<p>&nbsp;&nbsp; La ley establece que \u00abla informaci\u00f3n debe ser publicada con la m\u00e1xima celeridad y en tiempos compatibles con la preservaci\u00f3n de su valor\u00bb, subrayaron.<\/p>\n\n\n\n<p>&nbsp;&nbsp; La Fundaci\u00f3n Apolo hab\u00eda cuestionado a De Anchorena en la audiencia p\u00fablica previa a su designaci\u00f3n, al considerar que \u00abcarec\u00eda de idoneidad profesional y moral\u00bb para el cargo.<\/p>\n\n\n\n<p>&nbsp;&nbsp; Los delitos denunciados contemplan penas que llegan hasta los dos a\u00f1os de prisi\u00f3n y multa para el funcionario p\u00fablico que los cometiere.<\/p>\n","protected":false},"excerpt":{"rendered":"<p>Una ONG denunci\u00f3 penalmente a la flamante titular de la Agencia de Acceso a la Informaci\u00f3n P\u00fablica, Beatriz de Anchorena, por los presuntos delitos de \u00abincumplimiento de deberes de funcionario p\u00fablico y abuso de autoridad\u00bb a ra\u00edz de una \u00abpr\u00f3rroga excepcional\u00bb que estableci\u00f3 apenas asumi\u00f3 el cargo. &nbsp; &nbsp;La Fundaci\u00f3n Apolo, con el patrocinio de [&hellip;]<\/p>\n","protected":false},"author":2,"featured_media":13084,"comment_status":"open","ping_status":"open","sticky":false,"template":"","format":"standard","meta":{"footnotes":""},"categories":[43],"tags":[],"class_list":["post-13083","post","type-post","status-publish","format-standard","has-post-thumbnail","hentry","category-politica"],"_links":{"self":[{"href":"https:\/\/infoactual.com.ar\/index.php\/wp-json\/wp\/v2\/posts\/13083","targetHints":{"allow":["GET"]}}],"collection":[{"href":"https:\/\/infoactual.com.ar\/index.php\/wp-json\/wp\/v2\/posts"}],"about":[{"href":"https:\/\/infoactual.com.ar\/index.php\/wp-json\/wp\/v2\/types\/post"}],"author":[{"embeddable":true,"href":"https:\/\/infoactual.com.ar\/index.php\/wp-json\/wp\/v2\/users\/2"}],"replies":[{"embeddable":true,"href":"https:\/\/infoactual.com.ar\/index.php\/wp-json\/wp\/v2\/comments?post=13083"}],"version-history":[{"count":1,"href":"https:\/\/infoactual.com.ar\/index.php\/wp-json\/wp\/v2\/posts\/13083\/revisions"}],"predecessor-version":[{"id":13085,"href":"https:\/\/infoactual.com.ar\/index.php\/wp-json\/wp\/v2\/posts\/13083\/revisions\/13085"}],"wp:featuredmedia":[{"embeddable":true,"href":"https:\/\/infoactual.com.ar\/index.php\/wp-json\/wp\/v2\/media\/13084"}],"wp:attachment":[{"href":"https:\/\/infoactual.com.ar\/index.php\/wp-json\/wp\/v2\/media?parent=13083"}],"wp:term":[{"taxonomy":"category","embeddable":true,"href":"https:\/\/infoactual.com.ar\/index.php\/wp-json\/wp\/v2\/categories?post=13083"},{"taxonomy":"post_tag","embeddable":true,"href":"https:\/\/infoactual.com.ar\/index.php\/wp-json\/wp\/v2\/tags?post=13083"}],"curies":[{"name":"wp","href":"https:\/\/api.w.org\/{rel}","templated":true}]}}