{"id":13531,"date":"2022-04-04T12:03:48","date_gmt":"2022-04-04T15:03:48","guid":{"rendered":"http:\/\/infoactual.com.ar\/?p=13531"},"modified":"2022-04-04T12:03:48","modified_gmt":"2022-04-04T15:03:48","slug":"sergio-unac-destaco-como-fundamental-a-la-obra-publica-para-san-juan","status":"publish","type":"post","link":"https:\/\/infoactual.com.ar\/index.php\/2022\/04\/04\/sergio-unac-destaco-como-fundamental-a-la-obra-publica-para-san-juan\/","title":{"rendered":"SERGIO U\u00d1AC DESTAC\u00d3 COMO \u00abFUNDAMENTAL\u00bb A LA OBRA P\u00daBLICA PARA SAN JUAN"},"content":{"rendered":"\n<p class=\"wp-block-paragraph\"><strong>El gobernador de San Juan, Sergio U\u00f1ac, describi\u00f3 como \u00abfundamental\u00bb a la obra p\u00fablica a la que destina el 31 por ciento de su presupuesto su provincia, donde asegur\u00f3, \u00abhay presente y futuro para empresarios, trabajadores, gobierno, sector p\u00fablico y privado\u00bb.<\/strong><\/p>\n\n\n\n<p class=\"wp-block-paragraph\">&nbsp; &nbsp;\u00abTenemos mismo territorio id\u00e9nticos objetivos y pudimos trabajar de manera mancomunada\u00bb, expres\u00f3 el mandatario al disertar ante representantes de m\u00e1s de cien empresas y autoridades nacionales en el 139no. Consejo Federal de la C\u00e1mara Argentina de la Construcci\u00f3n (Camarco), considerado como la cumbre de constructoras m\u00e1s importante del pa\u00eds, .<\/p>\n\n\n\n<p class=\"wp-block-paragraph\">&nbsp;&nbsp; El encuentro se desarroll\u00f3 en San Juan entre los pasados jueves y viernes. .<\/p>\n\n\n\n<p class=\"wp-block-paragraph\">&nbsp;&nbsp; U\u00f1ac estuvo acompa\u00f1ado por el ministro de Obras y Servicios P\u00fablicos de San Juan, Julio Ortiz Andino; el secretario de Vivienda y H\u00e1bitat, Robert Garces; el director del Instituto Provincial de la Vivienda (IPV), Marcelo Yornet; y el subsecretario de la Unidad Gobernaci\u00f3n, Luis Rueda.<\/p>\n\n\n\n<p class=\"wp-block-paragraph\">&nbsp;&nbsp; Adem\u00e1s, presidieron el Consejo, el titular de Camarco, Gustavo Weiss, y el presidente de la Delegaci\u00f3n San Juan, Julian Rins, quienes estuvieron acompa\u00f1ados por la comitiva del ente y empresarios de la construcci\u00f3n.<\/p>\n\n\n\n<p class=\"wp-block-paragraph\">&nbsp;&nbsp; Al dirigirse a los empresarios, U\u00f1ac en primer lugar brind\u00f3 les dio la bienvenida y destac\u00f3 que la realizaci\u00f3n del Consejo en San Juan es parte de un federalismo necesario.<\/p>\n\n\n\n<p class=\"wp-block-paragraph\">&nbsp;&nbsp; Asimismo puso en valor la planificaci\u00f3n de San Juan y la diversificaci\u00f3n de la matriz productiva que se est\u00e1 llevando a cabo: \u00abEn San Juan sumamos actividades econ\u00f3micas. A la vitivinicultura se le sum\u00f3 la industria, la miner\u00eda, energ\u00edas renovables, cannabis medicinal y el turismo de eventos, culturales y deportivos\u00bb.<\/p>\n\n\n\n<p class=\"wp-block-paragraph\">&nbsp;&nbsp; En ese sentido, destac\u00f3 que se gener\u00f3 el 85% de ocupaci\u00f3n hotelera y que solo en el verano se tuviera un ingreso de m\u00e1s de $ 3.500 millones.<\/p>\n\n\n\n<p class=\"wp-block-paragraph\">&nbsp;&nbsp; Respecto al deporte asegur\u00f3 que San Juan es la provincia que invierte \u00abdos veces y media en deportes que lo que el Gobierno nacional invierte en toda la Argentina\u00bb y enumer\u00f3 los distintos proyectos que traer\u00e1n inversi\u00f3n a la provincia destacando los proyectos mineros El Pach\u00f3n y Josemar\u00eda.<\/p>\n\n\n\n<p class=\"wp-block-paragraph\">&nbsp;&nbsp; Respecto a la obra p\u00fablica, detall\u00f3: \u00abTenemos 4 mil casas en construcci\u00f3n y proyectos que en 2 o 3 meses pondremos 2500 casas m\u00e1s en convenios con asociaciones y sindicatos\u00bb.,.<\/p>\n\n\n\n<p class=\"wp-block-paragraph\">&nbsp;&nbsp; \u00abTenemos 12 hospitales en la periferia provincial en construcci\u00f3n y contamos con el Hospital Rawson que es uno de los nosocomios m\u00e1s importantes del pa\u00eds\u00bb, agreg\u00f3.<\/p>\n","protected":false},"excerpt":{"rendered":"<p>El gobernador de San Juan, Sergio U\u00f1ac, describi\u00f3 como \u00abfundamental\u00bb a la obra p\u00fablica a la que destina el 31 por ciento de su presupuesto su provincia, donde asegur\u00f3, \u00abhay presente y futuro para empresarios, trabajadores, gobierno, sector p\u00fablico y privado\u00bb. &nbsp; &nbsp;\u00abTenemos mismo territorio id\u00e9nticos objetivos y pudimos trabajar de manera mancomunada\u00bb, expres\u00f3 el [&hellip;]<\/p>\n","protected":false},"author":2,"featured_media":13532,"comment_status":"open","ping_status":"open","sticky":false,"template":"","format":"standard","meta":{"footnotes":""},"categories":[51],"tags":[],"class_list":["post-13531","post","type-post","status-publish","format-standard","has-post-thumbnail","hentry","category-provincias"],"_links":{"self":[{"href":"https:\/\/infoactual.com.ar\/index.php\/wp-json\/wp\/v2\/posts\/13531","targetHints":{"allow":["GET"]}}],"collection":[{"href":"https:\/\/infoactual.com.ar\/index.php\/wp-json\/wp\/v2\/posts"}],"about":[{"href":"https:\/\/infoactual.com.ar\/index.php\/wp-json\/wp\/v2\/types\/post"}],"author":[{"embeddable":true,"href":"https:\/\/infoactual.com.ar\/index.php\/wp-json\/wp\/v2\/users\/2"}],"replies":[{"embeddable":true,"href":"https:\/\/infoactual.com.ar\/index.php\/wp-json\/wp\/v2\/comments?post=13531"}],"version-history":[{"count":1,"href":"https:\/\/infoactual.com.ar\/index.php\/wp-json\/wp\/v2\/posts\/13531\/revisions"}],"predecessor-version":[{"id":13533,"href":"https:\/\/infoactual.com.ar\/index.php\/wp-json\/wp\/v2\/posts\/13531\/revisions\/13533"}],"wp:featuredmedia":[{"embeddable":true,"href":"https:\/\/infoactual.com.ar\/index.php\/wp-json\/wp\/v2\/media\/13532"}],"wp:attachment":[{"href":"https:\/\/infoactual.com.ar\/index.php\/wp-json\/wp\/v2\/media?parent=13531"}],"wp:term":[{"taxonomy":"category","embeddable":true,"href":"https:\/\/infoactual.com.ar\/index.php\/wp-json\/wp\/v2\/categories?post=13531"},{"taxonomy":"post_tag","embeddable":true,"href":"https:\/\/infoactual.com.ar\/index.php\/wp-json\/wp\/v2\/tags?post=13531"}],"curies":[{"name":"wp","href":"https:\/\/api.w.org\/{rel}","templated":true}]}}