{"id":13651,"date":"2022-04-07T13:50:35","date_gmt":"2022-04-07T16:50:35","guid":{"rendered":"http:\/\/infoactual.com.ar\/?p=13651"},"modified":"2022-04-07T13:50:36","modified_gmt":"2022-04-07T16:50:36","slug":"castells-advierte-al-gobierno-no-tiren-tanto-de-la-soga-que-si-se-levanta-el-gran-buenos-aires-no-va-a-quedar-nada-en-pie","status":"publish","type":"post","link":"https:\/\/infoactual.com.ar\/index.php\/2022\/04\/07\/castells-advierte-al-gobierno-no-tiren-tanto-de-la-soga-que-si-se-levanta-el-gran-buenos-aires-no-va-a-quedar-nada-en-pie\/","title":{"rendered":"CASTELLS ADVIERTE AL GOBIERNO: \u00abNO TIREN TANTO DE LA SOGA, QUE SI SE LEVANTA EL GRAN BUENOS AIRES, NO VA A QUEDAR NADA EN PIE\u00bb"},"content":{"rendered":"\n<p><strong>El l\u00edder del Movimiento Independiente de Jubilados y Desocupados (MIJD), Ra\u00fal Castells, critic\u00f3 los reclamos de algunos sectores para que se le retiren los planes sociales a aquellos que corten calles y advirti\u00f3 al presidente Alberto Fern\u00e1ndez que \u00abno tire tanto de la soga\u00bb, ya que alert\u00f3 que \u00absi se levanta el Gran Buenos Aires, no va a quedar nada en pie\u00bb.<\/strong><\/p>\n\n\n\n<p>&nbsp; &nbsp;El dirigente social encabez\u00f3 una protesta en la Ruta 3, a la altura del partido bonaerense de La Matanza, y repudi\u00f3 la \u00abcampa\u00f1a de odio, nazifascista, montada por el Gobierno, con la complicidad de (el jefe de Gobierno porte\u00f1o, Horacio) Rodr\u00edguez Larreta y (el referente libertario Javier) Milei, pidiendo c\u00e1rcel para los pobres y sacarles los planes\u00bb.<\/p>\n\n\n\n<p>&nbsp;&nbsp; \u00abDe este lugar surgi\u00f3 el levantamiento que ech\u00f3 hace 21 a\u00f1os a (Fernando) De la R\u00faa. Que lo piense Alberto Fern\u00e1ndez\u00bb, sostuvo Castells.<\/p>\n\n\n\n<p>&nbsp;&nbsp; En declaraciones radiales, el l\u00edder del MIJD advirti\u00f3 que \u00absi se levanta Matanza, se levanta el Gran Buenos Aires y no va a quedar nada en pie\u00bb.<\/p>\n\n\n\n<p>&nbsp;&nbsp; \u00abQue no sean est\u00fapidos de tirar tanto de la soga y generar odio contra los pobres\u00bb, agreg\u00f3.<\/p>\n\n\n\n<p>&nbsp;&nbsp; Al ser consultado sobre si no eran demasiado fuertes sus palabras, Castells replic\u00f3: \u00abEstamos planteando que haya elecciones anticipadas. La Constituci\u00f3n establece que cuando el Presidente est\u00e1 en un grado de incapacidad o ineptitud para ejercer el cargo hay mecanismos para cambiarlo. No est\u00e1 en condiciones de gobernar este pa\u00eds. Lo mismo nos dec\u00edan cuando dec\u00edamos esto con De la R\u00faa\u00bb.<\/p>\n\n\n\n<p>&nbsp;&nbsp; \u00abNo nos interesa hacer barullo por hacer barullo. Alguien tiene que atender. \u00bfQu\u00e9 quieren que hagamos si no nos prestan atenci\u00f3n?\u00bb, concluy\u00f3.<\/p>\n","protected":false},"excerpt":{"rendered":"<p>El l\u00edder del Movimiento Independiente de Jubilados y Desocupados (MIJD), Ra\u00fal Castells, critic\u00f3 los reclamos de algunos sectores para que se le retiren los planes sociales a aquellos que corten calles y advirti\u00f3 al presidente Alberto Fern\u00e1ndez que \u00abno tire tanto de la soga\u00bb, ya que alert\u00f3 que \u00absi se levanta el Gran Buenos Aires, [&hellip;]<\/p>\n","protected":false},"author":2,"featured_media":13652,"comment_status":"open","ping_status":"open","sticky":false,"template":"","format":"standard","meta":{"footnotes":""},"categories":[43],"tags":[],"class_list":["post-13651","post","type-post","status-publish","format-standard","has-post-thumbnail","hentry","category-politica"],"_links":{"self":[{"href":"https:\/\/infoactual.com.ar\/index.php\/wp-json\/wp\/v2\/posts\/13651","targetHints":{"allow":["GET"]}}],"collection":[{"href":"https:\/\/infoactual.com.ar\/index.php\/wp-json\/wp\/v2\/posts"}],"about":[{"href":"https:\/\/infoactual.com.ar\/index.php\/wp-json\/wp\/v2\/types\/post"}],"author":[{"embeddable":true,"href":"https:\/\/infoactual.com.ar\/index.php\/wp-json\/wp\/v2\/users\/2"}],"replies":[{"embeddable":true,"href":"https:\/\/infoactual.com.ar\/index.php\/wp-json\/wp\/v2\/comments?post=13651"}],"version-history":[{"count":1,"href":"https:\/\/infoactual.com.ar\/index.php\/wp-json\/wp\/v2\/posts\/13651\/revisions"}],"predecessor-version":[{"id":13653,"href":"https:\/\/infoactual.com.ar\/index.php\/wp-json\/wp\/v2\/posts\/13651\/revisions\/13653"}],"wp:featuredmedia":[{"embeddable":true,"href":"https:\/\/infoactual.com.ar\/index.php\/wp-json\/wp\/v2\/media\/13652"}],"wp:attachment":[{"href":"https:\/\/infoactual.com.ar\/index.php\/wp-json\/wp\/v2\/media?parent=13651"}],"wp:term":[{"taxonomy":"category","embeddable":true,"href":"https:\/\/infoactual.com.ar\/index.php\/wp-json\/wp\/v2\/categories?post=13651"},{"taxonomy":"post_tag","embeddable":true,"href":"https:\/\/infoactual.com.ar\/index.php\/wp-json\/wp\/v2\/tags?post=13651"}],"curies":[{"name":"wp","href":"https:\/\/api.w.org\/{rel}","templated":true}]}}