{"id":13654,"date":"2022-04-07T13:53:53","date_gmt":"2022-04-07T16:53:53","guid":{"rendered":"http:\/\/infoactual.com.ar\/?p=13654"},"modified":"2022-04-07T13:53:54","modified_gmt":"2022-04-07T16:53:54","slug":"el-gobierno-culpo-a-rodriguez-larreta-por-los-piquetes-la-ciudad-deberia-generar-empleo","status":"publish","type":"post","link":"https:\/\/infoactual.com.ar\/index.php\/2022\/04\/07\/el-gobierno-culpo-a-rodriguez-larreta-por-los-piquetes-la-ciudad-deberia-generar-empleo\/","title":{"rendered":"EL GOBIERNO CULP\u00d3 A RODR\u00cdGUEZ LARRETA POR LOS PIQUETES: \u00abLA CIUDAD DEBER\u00cdA GENERAR EMPLEO\u00bb"},"content":{"rendered":"\n<p><strong>En medio de un fuerte cuestionamiento por parte de la oposici\u00f3n a la asistencia social como salida al desempleo y la pobreza, la portavoz presidencial, Gabriela Cerruti, responsabiliz\u00f3 al jefe de Gobierno porte\u00f1o, Horacio Rodr\u00edguez Larreta, por los piquetes en la Ciudad y le reclam\u00f3 que la Ciudad \u00abdeber\u00eda generar empleo\u00bb.<\/strong><\/p>\n\n\n\n<p>&nbsp; &nbsp;\u00abCreemos que la soluci\u00f3n no es ocupar las calles, pero tambi\u00e9n le decimos al jefe de Gobierno que la Ciudad es la que menos empleo gener\u00f3 en el \u00faltimo tiempo\u00bb, cruz\u00f3 la funcionaria nacional.<\/p>\n\n\n\n<p>&nbsp;&nbsp; Y agreg\u00f3: \u00abPara que haya menos cortes en la Ciudad ser\u00eda bueno que la Ciudad tambi\u00e9n genere empleo y mejore la situaci\u00f3n econ\u00f3mica de los porte\u00f1os y las porte\u00f1as,&nbsp;para que de esa manera tengamos menos leg\u00edtimas protestas, que son las que llevan a cabo los trabajadores y sectores m\u00e1s vulnerables\u00bb.<\/p>\n\n\n\n<p>&nbsp;&nbsp; En tanto, legisladores de Juntos por el Cambio presentaron un proyecto de ley que va en l\u00ednea con lo planteado por Rodr\u00edguez Larreta, quien exigi\u00f3 al Gobierno castigar a los piqueteros con la quita del beneficio estatal no s\u00f3lo por la interrupci\u00f3n del tr\u00e1nsito sino tambi\u00e9n por la utilizaci\u00f3n de menores en la protesta.<\/p>\n\n\n\n<p>&nbsp;&nbsp; \u00abLo que pas\u00f3 ac\u00e1 fue una extorsi\u00f3n. Usan a la gente, la traen en colectivo extorsionados porque si no vienen les sacan el plan porque el plan lo manejan las organizaciones&nbsp;que usan a los chicos y a las mujeres. Son unos cobardes\u00bb, hab\u00eda lanzado el jefe de Gobierno porte\u00f1o en conferencia de prensa.<\/p>\n\n\n\n<p>&nbsp;&nbsp; Y agreg\u00f3: \u00abLes pedimos que les saquen los planes sociales;&nbsp;los planes sociales tienen como condicionalidad que los chicos vayan a la escuela; hagan cumplir la ley y saquen los planes sociales a esa gente y as\u00ed no van a venir m\u00e1s\u00bb.<\/p>\n\n\n\n<p>&nbsp;&nbsp; Desde el Gobierno admitieron que hay sectores de las organizaciones sociales que \u00abse aprovechan\u00bb de los que necesitan un plan social, aunque aseguraron que son los menos y, en l\u00ednea con Cerruti, cuestionaron al referente del PRO.<\/p>\n\n\n\n<p>&nbsp;&nbsp; \u00abLarreta ley\u00f3 las encuestas, vio que le piden que sea m\u00e1s duro, y nos pide que le saquemos los planes a la gente, que no lo vamos a hacer y ellos tampoco, s\u00f3lo posa de eso\u00bb, manifestaron fuentes oficialistas.<\/p>\n\n\n\n<p>&nbsp;&nbsp; Cabe destacar que el ministro de Desarrollo Social, Juan Zabaleta, descart\u00f3 por completo la posibilidad de restarle la asistencia social a las personas que salen a cortar las calles.<\/p>\n\n\n\n<p>&nbsp;&nbsp; \u00abEl lunes dije que hab\u00eda que dejar de apretar a los argentinos y lo vuelvo a decir: no hay que cortar las calles. Tampoco el camino es amenazar con sacar una asistencia a quien lo necesita\u00bb, asegur\u00f3 el funcionario.<\/p>\n","protected":false},"excerpt":{"rendered":"<p>En medio de un fuerte cuestionamiento por parte de la oposici\u00f3n a la asistencia social como salida al desempleo y la pobreza, la portavoz presidencial, Gabriela Cerruti, responsabiliz\u00f3 al jefe de Gobierno porte\u00f1o, Horacio Rodr\u00edguez Larreta, por los piquetes en la Ciudad y le reclam\u00f3 que la Ciudad \u00abdeber\u00eda generar empleo\u00bb. &nbsp; &nbsp;\u00abCreemos que la [&hellip;]<\/p>\n","protected":false},"author":2,"featured_media":13655,"comment_status":"open","ping_status":"open","sticky":false,"template":"","format":"standard","meta":{"footnotes":""},"categories":[43],"tags":[48],"class_list":["post-13654","post","type-post","status-publish","format-standard","has-post-thumbnail","hentry","category-politica","tag-destacada"],"_links":{"self":[{"href":"https:\/\/infoactual.com.ar\/index.php\/wp-json\/wp\/v2\/posts\/13654","targetHints":{"allow":["GET"]}}],"collection":[{"href":"https:\/\/infoactual.com.ar\/index.php\/wp-json\/wp\/v2\/posts"}],"about":[{"href":"https:\/\/infoactual.com.ar\/index.php\/wp-json\/wp\/v2\/types\/post"}],"author":[{"embeddable":true,"href":"https:\/\/infoactual.com.ar\/index.php\/wp-json\/wp\/v2\/users\/2"}],"replies":[{"embeddable":true,"href":"https:\/\/infoactual.com.ar\/index.php\/wp-json\/wp\/v2\/comments?post=13654"}],"version-history":[{"count":1,"href":"https:\/\/infoactual.com.ar\/index.php\/wp-json\/wp\/v2\/posts\/13654\/revisions"}],"predecessor-version":[{"id":13656,"href":"https:\/\/infoactual.com.ar\/index.php\/wp-json\/wp\/v2\/posts\/13654\/revisions\/13656"}],"wp:featuredmedia":[{"embeddable":true,"href":"https:\/\/infoactual.com.ar\/index.php\/wp-json\/wp\/v2\/media\/13655"}],"wp:attachment":[{"href":"https:\/\/infoactual.com.ar\/index.php\/wp-json\/wp\/v2\/media?parent=13654"}],"wp:term":[{"taxonomy":"category","embeddable":true,"href":"https:\/\/infoactual.com.ar\/index.php\/wp-json\/wp\/v2\/categories?post=13654"},{"taxonomy":"post_tag","embeddable":true,"href":"https:\/\/infoactual.com.ar\/index.php\/wp-json\/wp\/v2\/tags?post=13654"}],"curies":[{"name":"wp","href":"https:\/\/api.w.org\/{rel}","templated":true}]}}