{"id":13657,"date":"2022-04-07T13:56:51","date_gmt":"2022-04-07T16:56:51","guid":{"rendered":"http:\/\/infoactual.com.ar\/?p=13657"},"modified":"2022-04-07T13:56:53","modified_gmt":"2022-04-07T16:56:53","slug":"plaini-reclamo-al-gobierno-que-atienda-los-temas-urgentes-y-tome-medidas-con-conviccion","status":"publish","type":"post","link":"https:\/\/infoactual.com.ar\/index.php\/2022\/04\/07\/plaini-reclamo-al-gobierno-que-atienda-los-temas-urgentes-y-tome-medidas-con-conviccion\/","title":{"rendered":"PLAINI RECLAM\u00d3 AL GOBIERNO QUE ATIENDA LOS TEMAS \u00abURGENTES\u00bb Y TOME MEDIDAS \u00abCON CONVICCI\u00d3N\u00bb"},"content":{"rendered":"\n<p><strong>El secretario general del sindicato de canillitas, Omar Plaini, reclam\u00f3 al Gobierno que atienda los temas \u00aburgentes\u00bb que afectan a la poblaci\u00f3n y pidi\u00f3 que se tomen medidas \u00abcon convicci\u00f3n\u00bb.<\/strong><\/p>\n\n\n\n<p>&nbsp; &nbsp;\u00abCuando llegas a un Gobierno ten\u00e9s que tener planificado por lo menos un plan socioecon\u00f3mico. Hay un gran debate en nuestra fuerza pol\u00edtica: la discusi\u00f3n es si creemos en un Estado articulador que sienta a las partes y pensamos que vamos a poder congeniar esos intereses o en un Estado fuertemente regulador, que se pone en medio de la disputa de intereses\u00bb, sostuvo el referente gremial.<\/p>\n\n\n\n<p>&nbsp;&nbsp; En di\u00e1logo con Sin Relato, el programa que conduce Antonio Fern\u00e1ndez Llorente en La990, el tambi\u00e9n senador bonaerense subray\u00f3 que \u00abhay cosas que son urgentes\u00bb para atender.<\/p>\n\n\n\n<p>&nbsp;&nbsp; \u00abEn el equipo que acompa\u00f1a al Ejecutivo hay que discutir cuestiones como precios, salarios, jubilaciones y tarifas. A veces nos encasillamos con un solo objetivo y ac\u00e1 hay una multiplicidad de factores\u00bb, manifest\u00f3 Plaini, en alusi\u00f3n a que la negociaci\u00f3n con el Fondo Monetario Internacional (FMI) monopoliz\u00f3 la agenda del Gobierno.<\/p>\n\n\n\n<p>&nbsp;&nbsp; En ese sentido, consider\u00f3 que \u00abhay que tomar medidas\u00bb, aunque aclar\u00f3 que \u00ablas cosas se hacen con convicci\u00f3n\u00bb. \u00abPara hacer una tortilla hay que romper huevos, dec\u00eda Per\u00f3n. Por ejemplo, el caso Vicent\u00edn. Ah\u00ed fuimos flojitos\u00bb, rememor\u00f3.<\/p>\n\n\n\n<p>&nbsp;&nbsp; Pese a los cuestionamientos a la Casa Rosada, el sindicalista hizo un llamado a la unidad: \u00abTenemos que sostener nuestro Gobierno, con diferencias, discusiones, pero sostenerlo. Ojal\u00e1 pueda institucionalizarse una mesa de discusi\u00f3n pol\u00edtica\u00bb.<\/p>\n","protected":false},"excerpt":{"rendered":"<p>El secretario general del sindicato de canillitas, Omar Plaini, reclam\u00f3 al Gobierno que atienda los temas \u00aburgentes\u00bb que afectan a la poblaci\u00f3n y pidi\u00f3 que se tomen medidas \u00abcon convicci\u00f3n\u00bb. &nbsp; &nbsp;\u00abCuando llegas a un Gobierno ten\u00e9s que tener planificado por lo menos un plan socioecon\u00f3mico. Hay un gran debate en nuestra fuerza pol\u00edtica: la [&hellip;]<\/p>\n","protected":false},"author":2,"featured_media":13658,"comment_status":"open","ping_status":"open","sticky":false,"template":"","format":"standard","meta":{"footnotes":""},"categories":[46],"tags":[48],"class_list":["post-13657","post","type-post","status-publish","format-standard","has-post-thumbnail","hentry","category-gremial","tag-destacada"],"_links":{"self":[{"href":"https:\/\/infoactual.com.ar\/index.php\/wp-json\/wp\/v2\/posts\/13657","targetHints":{"allow":["GET"]}}],"collection":[{"href":"https:\/\/infoactual.com.ar\/index.php\/wp-json\/wp\/v2\/posts"}],"about":[{"href":"https:\/\/infoactual.com.ar\/index.php\/wp-json\/wp\/v2\/types\/post"}],"author":[{"embeddable":true,"href":"https:\/\/infoactual.com.ar\/index.php\/wp-json\/wp\/v2\/users\/2"}],"replies":[{"embeddable":true,"href":"https:\/\/infoactual.com.ar\/index.php\/wp-json\/wp\/v2\/comments?post=13657"}],"version-history":[{"count":1,"href":"https:\/\/infoactual.com.ar\/index.php\/wp-json\/wp\/v2\/posts\/13657\/revisions"}],"predecessor-version":[{"id":13659,"href":"https:\/\/infoactual.com.ar\/index.php\/wp-json\/wp\/v2\/posts\/13657\/revisions\/13659"}],"wp:featuredmedia":[{"embeddable":true,"href":"https:\/\/infoactual.com.ar\/index.php\/wp-json\/wp\/v2\/media\/13658"}],"wp:attachment":[{"href":"https:\/\/infoactual.com.ar\/index.php\/wp-json\/wp\/v2\/media?parent=13657"}],"wp:term":[{"taxonomy":"category","embeddable":true,"href":"https:\/\/infoactual.com.ar\/index.php\/wp-json\/wp\/v2\/categories?post=13657"},{"taxonomy":"post_tag","embeddable":true,"href":"https:\/\/infoactual.com.ar\/index.php\/wp-json\/wp\/v2\/tags?post=13657"}],"curies":[{"name":"wp","href":"https:\/\/api.w.org\/{rel}","templated":true}]}}