{"id":13663,"date":"2022-04-07T14:07:08","date_gmt":"2022-04-07T17:07:08","guid":{"rendered":"http:\/\/infoactual.com.ar\/?p=13663"},"modified":"2022-04-07T14:07:09","modified_gmt":"2022-04-07T17:07:09","slug":"murio-el-pianista-y-ex-embajador-ante-unesco-miguel-angel-estrella","status":"publish","type":"post","link":"https:\/\/infoactual.com.ar\/index.php\/2022\/04\/07\/murio-el-pianista-y-ex-embajador-ante-unesco-miguel-angel-estrella\/","title":{"rendered":"MURI\u00d3 EL PIANISTA Y EX EMBAJADOR ANTE UNESCO MIGUEL \u00c1NGEL ESTRELLA"},"content":{"rendered":"\n<p><strong>El pianista y ex embajador argentino ante UNESCO Miguel \u00c1ngel Estrella falleci\u00f3 a los 81 a\u00f1os en Francia.<\/strong><\/p>\n\n\n\n<p>&nbsp; &nbsp;La noticia fue dada a conocer por la representaci\u00f3n argentina ante la Organizaci\u00f3n de las Naciones Unidas para la Educaci\u00f3n, la Ciencia y la Cultura (UNESCO), donde el tucumano se hab\u00eda desempe\u00f1ado entre 2003 y 2015.<\/p>\n\n\n\n<p>&nbsp;&nbsp; \u00abLa Delegaci\u00f3n Argentina ante la Unesco lamenta anunciar el fallecimiento de Miguel \u00c1ngel Estrella, quien fue Embajador de Argentina ante la Unesco y Embajador de Buena Voluntad de la Unesco, pianista y fundador de la ONG M\u00fasica Esperanza\u00bb, inform\u00f3 a trav\u00e9s de Twitter la Embajada a cargo de Marcela Losardo.<\/p>\n\n\n\n<p>&nbsp;&nbsp; El artista, que se hab\u00eda iniciado a los 12 a\u00f1os en el piano, tuvo una destacada trayectoria en la Argentina y en Francia, donde falleci\u00f3 a los 81 a\u00f1os.<\/p>\n\n\n\n<p>&nbsp;&nbsp; En la naci\u00f3n gala, Estrella hab\u00eda sido nominado Caballero de la Legi\u00f3n de Honor en Francia y condecorado con el premio Danielle Mitterrand de la Fundaci\u00f3n France Libert\u00e9s.<\/p>\n\n\n\n<p>&nbsp;&nbsp; En 2013 el Senado argentino lo hab\u00eda distinguido por su carrera y su defensa de los derechos humanos: \u00abQuiero pelear con la m\u00fasica contra quienes quieren sojuzgarnos\u00bb, remarc\u00f3 en varias ocasiones el pianista, fundador de \u00abM\u00fasica Esperanza\u00bb, una iniciativa con la que llev\u00f3 su arte a los sectores m\u00e1s postergados.<\/p>\n\n\n\n<p>&nbsp;&nbsp; Tras conocerse su fallecimiento, dirigentes pol\u00edticos lamentaron la noticia y destacaron su figura.<\/p>\n\n\n\n<p>&nbsp;&nbsp; \u00abDespedimos con inmenso dolor al gran m\u00fasico argentino Miguel \u00c1ngel Estrella, ex embajador ante la UNESCO y luchador por los derechos humanos. Hasta siempre querido Miguel. Mis condolencias a familiares y amigos\u00bb, public\u00f3 la vicepresidenta, Cristina Kirchner.<\/p>\n\n\n\n<p>&nbsp;&nbsp; En tanto, el jefe de Gabinete, Juan Manzur, expres\u00f3 el \u00abprofundo pesar\u00bb por la muerte de Estrella, a quien defini\u00f3 como \u00abun inmenso artista comprometido con su pueblo\u00bb.<\/p>\n\n\n\n<p>&nbsp;&nbsp; \u00abCon profundo dolor despedimos a Miguel \u00c1ngel Estrella, artista de excelencia y militante por la Paz. Nos quedan su m\u00fasica, su ejemplo de vida y su inmensa lucha. Acompa\u00f1amos a sus seres queridos en este momento tan triste\u00bb, manifest\u00f3 el Ministerio de Cultura.<\/p>\n","protected":false},"excerpt":{"rendered":"<p>El pianista y ex embajador argentino ante UNESCO Miguel \u00c1ngel Estrella falleci\u00f3 a los 81 a\u00f1os en Francia. &nbsp; &nbsp;La noticia fue dada a conocer por la representaci\u00f3n argentina ante la Organizaci\u00f3n de las Naciones Unidas para la Educaci\u00f3n, la Ciencia y la Cultura (UNESCO), donde el tucumano se hab\u00eda desempe\u00f1ado entre 2003 y 2015. [&hellip;]<\/p>\n","protected":false},"author":2,"featured_media":13664,"comment_status":"open","ping_status":"open","sticky":false,"template":"","format":"standard","meta":{"footnotes":""},"categories":[45],"tags":[],"class_list":["post-13663","post","type-post","status-publish","format-standard","has-post-thumbnail","hentry","category-sociedad"],"_links":{"self":[{"href":"https:\/\/infoactual.com.ar\/index.php\/wp-json\/wp\/v2\/posts\/13663","targetHints":{"allow":["GET"]}}],"collection":[{"href":"https:\/\/infoactual.com.ar\/index.php\/wp-json\/wp\/v2\/posts"}],"about":[{"href":"https:\/\/infoactual.com.ar\/index.php\/wp-json\/wp\/v2\/types\/post"}],"author":[{"embeddable":true,"href":"https:\/\/infoactual.com.ar\/index.php\/wp-json\/wp\/v2\/users\/2"}],"replies":[{"embeddable":true,"href":"https:\/\/infoactual.com.ar\/index.php\/wp-json\/wp\/v2\/comments?post=13663"}],"version-history":[{"count":1,"href":"https:\/\/infoactual.com.ar\/index.php\/wp-json\/wp\/v2\/posts\/13663\/revisions"}],"predecessor-version":[{"id":13665,"href":"https:\/\/infoactual.com.ar\/index.php\/wp-json\/wp\/v2\/posts\/13663\/revisions\/13665"}],"wp:featuredmedia":[{"embeddable":true,"href":"https:\/\/infoactual.com.ar\/index.php\/wp-json\/wp\/v2\/media\/13664"}],"wp:attachment":[{"href":"https:\/\/infoactual.com.ar\/index.php\/wp-json\/wp\/v2\/media?parent=13663"}],"wp:term":[{"taxonomy":"category","embeddable":true,"href":"https:\/\/infoactual.com.ar\/index.php\/wp-json\/wp\/v2\/categories?post=13663"},{"taxonomy":"post_tag","embeddable":true,"href":"https:\/\/infoactual.com.ar\/index.php\/wp-json\/wp\/v2\/tags?post=13663"}],"curies":[{"name":"wp","href":"https:\/\/api.w.org\/{rel}","templated":true}]}}