{"id":13666,"date":"2022-04-07T14:09:36","date_gmt":"2022-04-07T17:09:36","guid":{"rendered":"http:\/\/infoactual.com.ar\/?p=13666"},"modified":"2022-04-07T14:09:38","modified_gmt":"2022-04-07T17:09:38","slug":"en-provincia-dejara-de-ser-obligatorio-el-uso-de-barbijos-en-escuelas-y-lugares-de-trabajo","status":"publish","type":"post","link":"https:\/\/infoactual.com.ar\/index.php\/2022\/04\/07\/en-provincia-dejara-de-ser-obligatorio-el-uso-de-barbijos-en-escuelas-y-lugares-de-trabajo\/","title":{"rendered":"EN PROVINCIA DEJAR\u00c1 DE SER OBLIGATORIO EL USO DE BARBIJOS EN ESCUELAS Y LUGARES DE TRABAJO"},"content":{"rendered":"\n<p><strong>El ministro de Salud de la provincia de Buenos Aires, Nicol\u00e1s Kreplak, afirm\u00f3 hoy que a partir de ma\u00f1ana dejar\u00e1 de ser obligatorio el uso de barbijos en las escuelas y lugares de trabajo del distrito.<\/strong><\/p>\n\n\n\n<p>&nbsp; &nbsp;\u00abEn Buenos Aires tenemos 10 semanas de descenso sostenido de casos de coronavirus, el brote adelantado de influenza controlado, la campa\u00f1a de vacunaci\u00f3n contra la gripe iniciada y m\u00e1s del 95% de la poblaci\u00f3n inmunizada contra el coronavirus\u00bb, afirm\u00f3 el funcionario de la administraci\u00f3n de Axel Kicillof.<\/p>\n\n\n\n<p>&nbsp;&nbsp; A trav\u00e9s de un hilo de tuits, el ministro se\u00f1al\u00f3 que \u00abcon la llegada de los primeros fr\u00edos, la circulaci\u00f3n de nuevas variantes, las clases presenciales y sin ning\u00fan aforo ni restricci\u00f3n, los casos no aumentan y estamos en una buena situaci\u00f3n epidemiol\u00f3gica\u00bb.<\/p>\n\n\n\n<p>&nbsp;&nbsp; \u00abSostener los cuidados siempre fue la prioridad, pero a\u00fan m\u00e1s en ni\u00f1os y ni\u00f1as. Por eso en las escuelas de @BAProvincia se distribuyeron 33 mil medidores de di\u00f3xido de carbono para tener una adecuada ventilaci\u00f3n y se aplicaron m\u00e1s de 295000 vacunas COVID en 3000 escuelas\u00bb, explic\u00f3 Kreplak.<\/p>\n\n\n\n<p>&nbsp;&nbsp; \u00abEs por esto que continuamos recomendando la utilizaci\u00f3n del tapabocas, pero desde el jueves 7 ser\u00e1 optativo su uso en espacios laborales, recreativos y educativos. En el transporte p\u00fablico seguir\u00e1 siendo obligatorio\u00bb, resalt\u00f3 el funcionario bonaerense.<\/p>\n\n\n\n<p>&nbsp;&nbsp; Al respecto, agreg\u00f3: \u00abSeguiremos monitoreando la situaci\u00f3n epidemiol\u00f3gica, entregando barbijos en las escuelas, completando los esquemas de vacunaci\u00f3n y realizando una vigilancia activa para que estas medidas las podamos sostener y nos acerquemos cada vez m\u00e1s a una plena normalidad\u00bb.<\/p>\n\n\n\n<p>&nbsp;&nbsp; De esta forma, a partir de ma\u00f1ana solo permanecer\u00e1 la obligaci\u00f3n de usar barbijo en el transporte p\u00fablico que circule por la provincia de Buenos Aires.<\/p>\n","protected":false},"excerpt":{"rendered":"<p>El ministro de Salud de la provincia de Buenos Aires, Nicol\u00e1s Kreplak, afirm\u00f3 hoy que a partir de ma\u00f1ana dejar\u00e1 de ser obligatorio el uso de barbijos en las escuelas y lugares de trabajo del distrito. &nbsp; &nbsp;\u00abEn Buenos Aires tenemos 10 semanas de descenso sostenido de casos de coronavirus, el brote adelantado de influenza [&hellip;]<\/p>\n","protected":false},"author":2,"featured_media":13667,"comment_status":"open","ping_status":"open","sticky":false,"template":"","format":"standard","meta":{"footnotes":""},"categories":[45],"tags":[],"class_list":["post-13666","post","type-post","status-publish","format-standard","has-post-thumbnail","hentry","category-sociedad"],"_links":{"self":[{"href":"https:\/\/infoactual.com.ar\/index.php\/wp-json\/wp\/v2\/posts\/13666","targetHints":{"allow":["GET"]}}],"collection":[{"href":"https:\/\/infoactual.com.ar\/index.php\/wp-json\/wp\/v2\/posts"}],"about":[{"href":"https:\/\/infoactual.com.ar\/index.php\/wp-json\/wp\/v2\/types\/post"}],"author":[{"embeddable":true,"href":"https:\/\/infoactual.com.ar\/index.php\/wp-json\/wp\/v2\/users\/2"}],"replies":[{"embeddable":true,"href":"https:\/\/infoactual.com.ar\/index.php\/wp-json\/wp\/v2\/comments?post=13666"}],"version-history":[{"count":1,"href":"https:\/\/infoactual.com.ar\/index.php\/wp-json\/wp\/v2\/posts\/13666\/revisions"}],"predecessor-version":[{"id":13668,"href":"https:\/\/infoactual.com.ar\/index.php\/wp-json\/wp\/v2\/posts\/13666\/revisions\/13668"}],"wp:featuredmedia":[{"embeddable":true,"href":"https:\/\/infoactual.com.ar\/index.php\/wp-json\/wp\/v2\/media\/13667"}],"wp:attachment":[{"href":"https:\/\/infoactual.com.ar\/index.php\/wp-json\/wp\/v2\/media?parent=13666"}],"wp:term":[{"taxonomy":"category","embeddable":true,"href":"https:\/\/infoactual.com.ar\/index.php\/wp-json\/wp\/v2\/categories?post=13666"},{"taxonomy":"post_tag","embeddable":true,"href":"https:\/\/infoactual.com.ar\/index.php\/wp-json\/wp\/v2\/tags?post=13666"}],"curies":[{"name":"wp","href":"https:\/\/api.w.org\/{rel}","templated":true}]}}