{"id":13681,"date":"2022-04-07T14:26:21","date_gmt":"2022-04-07T17:26:21","guid":{"rendered":"http:\/\/infoactual.com.ar\/?p=13681"},"modified":"2022-04-07T14:26:21","modified_gmt":"2022-04-07T17:26:21","slug":"se-confirmo-la-lesion-de-rojas-sufrio-una-fractura-de-tibia-y-perone-sera-operado-y-tendria-cinco-meses-de-recuperacion","status":"publish","type":"post","link":"https:\/\/infoactual.com.ar\/index.php\/2022\/04\/07\/se-confirmo-la-lesion-de-rojas-sufrio-una-fractura-de-tibia-y-perone-sera-operado-y-tendria-cinco-meses-de-recuperacion\/","title":{"rendered":"SE CONFIRM\u00d3 LA LESI\u00d3N DE ROJAS: SUFRI\u00d3 UNA FRACTURA DE TIBIA Y PERON\u00c9, SER\u00c1 OPERADO Y TENDR\u00cdA CINCO MESES DE RECUPERACI\u00d3N"},"content":{"rendered":"\n<p><strong>El futbolista Robert Rojas sufri\u00f3&nbsp;la fractura de tibia y peron\u00e9 de su pierna derecha durante el partido en el que River se impuso a Alianza Lima por 1 a 0, por lo&nbsp;cual ser\u00e1 intervenido quir\u00fargicamente en las pr\u00f3ximas horas y tendr\u00e1 una recuperaci\u00f3n de al menos cinco meses.<\/strong><\/p>\n\n\n\n<p>&nbsp; &nbsp;Rojas recibi\u00f3 una falta desleal del jugador Alda\u00edr Rodr\u00edguez en el mencionado encuentro correspondiente a la primera fecha del Grupo F de la Copa Libertadores y debi\u00f3 ser trasladado a una cl\u00ednica en Lima para constatar el grado de su lesi\u00f3n.<\/p>\n\n\n\n<p>&nbsp;&nbsp; \u00abRobert Rojas sufri\u00f3 una fractura de tibia y peron\u00e9. Regresar\u00e1 a Buenos Aires junto a la delegaci\u00f3n y ser\u00e1 intervenido quir\u00fargicamente en los pr\u00f3ximos d\u00edas\u00bb, se\u00f1al\u00f3 el parte m\u00e9dico que difundi\u00f3 River en sus redes sociales.<\/p>\n\n\n\n<p>&nbsp;&nbsp; \u00abViajar\u00e1 con nosotros y se operar\u00e1 cuando decidan los m\u00e9dicos\u00bb, anunci\u00f3 el entrenador Marcelo Gallardo en di\u00e1logo con&nbsp;TyC Sports una vez que la delegaci\u00f3n arrib\u00f3 al hotel en Lima.<\/p>\n\n\n\n<p>&nbsp;&nbsp; En tanto, la recuperaci\u00f3n le demandar\u00e1 al menos cinco meses, por lo cual la fecha estimada el regreso de Rojas a las canchas&nbsp;ser\u00eda para mediados de septiembre.<\/p>\n","protected":false},"excerpt":{"rendered":"<p>El futbolista Robert Rojas sufri\u00f3&nbsp;la fractura de tibia y peron\u00e9 de su pierna derecha durante el partido en el que River se impuso a Alianza Lima por 1 a 0, por lo&nbsp;cual ser\u00e1 intervenido quir\u00fargicamente en las pr\u00f3ximas horas y tendr\u00e1 una recuperaci\u00f3n de al menos cinco meses. &nbsp; &nbsp;Rojas recibi\u00f3 una falta desleal del [&hellip;]<\/p>\n","protected":false},"author":2,"featured_media":13682,"comment_status":"open","ping_status":"open","sticky":false,"template":"","format":"standard","meta":{"footnotes":""},"categories":[50],"tags":[],"class_list":["post-13681","post","type-post","status-publish","format-standard","has-post-thumbnail","hentry","category-deportes"],"_links":{"self":[{"href":"https:\/\/infoactual.com.ar\/index.php\/wp-json\/wp\/v2\/posts\/13681","targetHints":{"allow":["GET"]}}],"collection":[{"href":"https:\/\/infoactual.com.ar\/index.php\/wp-json\/wp\/v2\/posts"}],"about":[{"href":"https:\/\/infoactual.com.ar\/index.php\/wp-json\/wp\/v2\/types\/post"}],"author":[{"embeddable":true,"href":"https:\/\/infoactual.com.ar\/index.php\/wp-json\/wp\/v2\/users\/2"}],"replies":[{"embeddable":true,"href":"https:\/\/infoactual.com.ar\/index.php\/wp-json\/wp\/v2\/comments?post=13681"}],"version-history":[{"count":1,"href":"https:\/\/infoactual.com.ar\/index.php\/wp-json\/wp\/v2\/posts\/13681\/revisions"}],"predecessor-version":[{"id":13683,"href":"https:\/\/infoactual.com.ar\/index.php\/wp-json\/wp\/v2\/posts\/13681\/revisions\/13683"}],"wp:featuredmedia":[{"embeddable":true,"href":"https:\/\/infoactual.com.ar\/index.php\/wp-json\/wp\/v2\/media\/13682"}],"wp:attachment":[{"href":"https:\/\/infoactual.com.ar\/index.php\/wp-json\/wp\/v2\/media?parent=13681"}],"wp:term":[{"taxonomy":"category","embeddable":true,"href":"https:\/\/infoactual.com.ar\/index.php\/wp-json\/wp\/v2\/categories?post=13681"},{"taxonomy":"post_tag","embeddable":true,"href":"https:\/\/infoactual.com.ar\/index.php\/wp-json\/wp\/v2\/tags?post=13681"}],"curies":[{"name":"wp","href":"https:\/\/api.w.org\/{rel}","templated":true}]}}