{"id":1372,"date":"2021-04-23T15:57:56","date_gmt":"2021-04-23T15:57:56","guid":{"rendered":"http:\/\/infoactual.com.ar\/?p=1372"},"modified":"2021-04-23T15:57:58","modified_gmt":"2021-04-23T15:57:58","slug":"la-uta-anuncio-para-el-lunes-un-paro-nacional-de-colectivos-por-24-horas","status":"publish","type":"post","link":"https:\/\/infoactual.com.ar\/index.php\/2021\/04\/23\/la-uta-anuncio-para-el-lunes-un-paro-nacional-de-colectivos-por-24-horas\/","title":{"rendered":"LA UTA ANUNCI\u00d3 PARA EL LUNES UN PARO NACIONAL DE COLECTIVOS POR 24 HORAS"},"content":{"rendered":"\n<p><strong>La Uni\u00f3n Transviarios Automotor (UTA) anunci\u00f3 esta noche un paro de colectivos de 24 horas para el pr\u00f3ximo lunes en reclamo de mejoras salariales.<\/strong><\/p>\n\n\n\n<p>&nbsp; &nbsp;\u00abEl Consejo Directivo Nacional de la Uni\u00f3n Transviarios Automotor comunica que luego de meses de audiencias sin resultados en el Ministerio de Trabajo de la Naci\u00f3n, no nos han dado respuesta a los pedidos salariales, como tampoco a estar incluidos en un plan de vacunaci\u00f3n contra el COVID-19, tanto para los trabajadores del \u00c1rea Metropolitana de Buenos Aires como para los del Interior del pa\u00eds\u00bb, explic\u00f3 el gremio en un comunicado.<\/p>\n\n\n\n<p>&nbsp;&nbsp; Asimismo, agreg\u00f3: \u00abPor todo ello, ha resuelto un paro de actividades por 24 horas en todo el pa\u00eds, desde las 00 horas del d\u00eda lunes 26 de abril de 2021\u00bb.<\/p>\n\n\n\n<p>&nbsp;&nbsp; El sindicato exige \u00abque tanto las autoridades del Ministerio de Transporte como los empresarios sepan que el conflicto salarial no se resuelve sin la sensibilidad y la justicia social que las actuales circunstancias demandan\u00bb.<\/p>\n\n\n\n<p>&nbsp;&nbsp; \u00abQueremos urgentes respuestas para llevar el sustento a nuestras familias. Con eso no se juega y lo defenderemos hasta las \u00faltimas consecuencias\u00bb, concluy\u00f3 el comunicado que llev\u00f3 la firma del secretario general, Roberto Fern\u00e1ndez.<\/p>\n\n\n\n<p>&nbsp;&nbsp; A fines de febrero y tras varias reuniones, la UTa levant\u00f3 un paro de copelctivos de corta y media distancia, que hab\u00eda anunciado para el viernes 26 de ese mes.<\/p>\n\n\n\n<p>&nbsp;&nbsp; En esa oportunidad tomaron la decisi\u00f3n, luego de llegar a un acuerdo con el sector empresario en las negociaciones paritarias.<\/p>\n\n\n\n<p>&nbsp;&nbsp; En ese sentido, hab\u00edan acercado posiciones, ya que por un lado aceptaron \u00abel pago de 15.000 pesos en tres cuotas iguales de 5 mil pesos cada una para cerrar la paritaria 2020\u00bb, en lo que era una compensaci\u00f3n no remunerativa que se otorg\u00f3 por \u00fanica vez para equilibrar el porcentaje perdido a ra\u00edz de la inflaci\u00f3n.<\/p>\n\n\n\n<p>&nbsp;&nbsp; Estos valores tambi\u00e9n fueron incluidos para los haberes de marzo, abril y mayo pr\u00f3ximo.<\/p>\n\n\n\n<p>&nbsp;&nbsp; Y por otro lado, definieron que la semana siguiente comenzar\u00edan las negociaciones por la pauta salarial de este a\u00f1o y fijaron una audiencia.<\/p>\n\n\n\n<p>&nbsp;&nbsp; La UTA hab\u00eda dispuesto el estado de \u00abalerta y movilizaci\u00f3n\u00bb ante \u00abla imposibilidad de lograr soluciones en la negociaci\u00f3n paritaria\u00bb.<\/p>\n\n\n\n<p>&nbsp;&nbsp; El Consejo Directivo Nacional del gremio hab\u00eda resuelto que \u00aben caso de no arribar a un acuerdo que contemple los reclamos l\u00f3gicos y razonables de los trabajadores, se realizar\u00e1 un paro nacional desde las cero horas del pr\u00f3ximo viernes 26 de febrero\u00bb.<\/p>\n\n\n\n<p>&nbsp;&nbsp; En marzo se hab\u00eda generado otro conflicto, por la imposibilidad de respetar el aforo dispuesto por el Gobierno en los colectivos.<\/p>\n\n\n\n<p>&nbsp;&nbsp; Asimismo, el sindicato a los pocos d\u00edas, a principios de marzo, para que se aumente la frecuencia de los servicios de colectivos de corta y media distancia, al tiempo que hab\u00eda anticipado medidas de acci\u00f3n gremial en caso de que no hubiera una respuesta inmediata de parte de las autoridades nacionales y de las empresas.<\/p>\n\n\n\n<p>&nbsp;&nbsp; Seg\u00fan la dirigencia gremial, con el incremento progresivo de la demanda de los usuarios resultaba \u00abimposible\u00bb cumplir con el protocolo Covid-19 que establece como l\u00edmite m\u00e1ximo de diez pasajeros a pie en hora pico.<\/p>\n\n\n\n<p>&nbsp;&nbsp; La UTA inform\u00f3 entonces que se hab\u00edan detectado \u00abinconvenientes\u00bb entre los choferes y los pasajeros, a ra\u00edz del requisito que exige un aforo m\u00e1ximo en las unidades como m\u00e9todo para mantener la distancia social en el transporte interurbano.<\/p>\n\n\n\n<p>&nbsp;&nbsp; Ese tope fue establecido el 12 de noviembre pasado, cuando el Ministerio de Transporte de la Naci\u00f3n estableci\u00f3 que \u00abcon car\u00e1cter excepcional\u00bb se ampli\u00f3 la capacidad del servicio a diez pasajeros a pie, en caso que todos los asientos est\u00e9n ocupados durante los horarios de mayor demanda de usuarios.<\/p>\n\n\n\n<p>&nbsp; &nbsp;\u00abEl Consejo Directivo Nacional de la Uni\u00f3n Transviarios Automotor comunica que luego de meses de audiencias sin resultados en el Ministerio de Trabajo de la Naci\u00f3n, no nos han dado respuesta a los pedidos salariales, como tampoco a estar incluidos en un plan de vacunaci\u00f3n contra el COVID-19, tanto para los trabajadores del \u00c1rea Metropolitana de Buenos Aires como para los del Interior del pa\u00eds\u00bb, explic\u00f3 el gremio en un comunicado.<\/p>\n\n\n\n<p>&nbsp;&nbsp; Asimismo, agreg\u00f3: \u00abPor todo ello, ha resuelto un paro de actividades por 24 horas en todo el pa\u00eds, desde las 00 horas del d\u00eda lunes 26 de abril de 2021\u00bb.<\/p>\n\n\n\n<p>&nbsp;&nbsp; El sindicato exige \u00abque tanto las autoridades del Ministerio de Transporte como los empresarios sepan que el conflicto salarial no se resuelve sin la sensibilidad y la justicia social que las actuales circunstancias demandan\u00bb.<\/p>\n\n\n\n<p>&nbsp;&nbsp; \u00abQueremos urgentes respuestas para llevar el sustento a nuestras familias. Con eso no se juega y lo defenderemos hasta las \u00faltimas consecuencias\u00bb, concluy\u00f3 el comunicado que llev\u00f3 la firma del secretario general, Roberto Fern\u00e1ndez.<\/p>\n\n\n\n<p>&nbsp;&nbsp; A fines de febrero y tras varias reuniones, la UTa levant\u00f3 un paro de copelctivos de corta y media distancia, que hab\u00eda anunciado para el viernes 26 de ese mes.<\/p>\n\n\n\n<p>&nbsp;&nbsp; En esa oportunidad tomaron la decisi\u00f3n, luego de llegar a un acuerdo con el sector empresario en las negociaciones paritarias.<\/p>\n\n\n\n<p>&nbsp;&nbsp; En ese sentido, hab\u00edan acercado posiciones, ya que por un lado aceptaron \u00abel pago de 15.000 pesos en tres cuotas iguales de 5 mil pesos cada una para cerrar la paritaria 2020\u00bb, en lo que era una compensaci\u00f3n no remunerativa que se otorg\u00f3 por \u00fanica vez para equilibrar el porcentaje perdido a ra\u00edz de la inflaci\u00f3n.<\/p>\n\n\n\n<p>&nbsp;&nbsp; Estos valores tambi\u00e9n fueron incluidos para los haberes de marzo, abril y mayo pr\u00f3ximo.<\/p>\n\n\n\n<p>&nbsp;&nbsp; Y por otro lado, definieron que la semana siguiente comenzar\u00edan las negociaciones por la pauta salarial de este a\u00f1o y fijaron una audiencia.<\/p>\n\n\n\n<p>&nbsp;&nbsp; La UTA hab\u00eda dispuesto el estado de \u00abalerta y movilizaci\u00f3n\u00bb ante \u00abla imposibilidad de lograr soluciones en la negociaci\u00f3n paritaria\u00bb.<\/p>\n\n\n\n<p>&nbsp;&nbsp; El Consejo Directivo Nacional del gremio hab\u00eda resuelto que \u00aben caso de no arribar a un acuerdo que contemple los reclamos l\u00f3gicos y razonables de los trabajadores, se realizar\u00e1 un paro nacional desde las cero horas del pr\u00f3ximo viernes 26 de febrero\u00bb.<\/p>\n\n\n\n<p>&nbsp;&nbsp; En marzo se hab\u00eda generado otro conflicto, por la imposibilidad de respetar el aforo dispuesto por el Gobierno en los colectivos.<\/p>\n\n\n\n<p>&nbsp;&nbsp; Asimismo, el sindicato a los pocos d\u00edas, a principios de marzo, para que se aumente la frecuencia de los servicios de colectivos de corta y media distancia, al tiempo que hab\u00eda anticipado medidas de acci\u00f3n gremial en caso de que no hubiera una respuesta inmediata de parte de las autoridades nacionales y de las empresas.<\/p>\n\n\n\n<p>&nbsp;&nbsp; Seg\u00fan la dirigencia gremial, con el incremento progresivo de la demanda de los usuarios resultaba \u00abimposible\u00bb cumplir con el protocolo Covid-19 que establece como l\u00edmite m\u00e1ximo de diez pasajeros a pie en hora pico.<\/p>\n\n\n\n<p>&nbsp;&nbsp; La UTA inform\u00f3 entonces que se hab\u00edan detectado \u00abinconvenientes\u00bb entre los choferes y los pasajeros, a ra\u00edz del requisito que exige un aforo m\u00e1ximo en las unidades como m\u00e9todo para mantener la distancia social en el transporte interurbano.<\/p>\n\n\n\n<p>&nbsp;&nbsp; Ese tope fue establecido el 12 de noviembre pasado, cuando el Ministerio de Transporte de la Naci\u00f3n estableci\u00f3 que \u00abcon car\u00e1cter excepcional\u00bb se ampli\u00f3 la capacidad del servicio a diez pasajeros a pie, en caso que todos los asientos est\u00e9n ocupados durante los horarios de mayor demanda de usuarios.<\/p>\n\n\n\n<p><\/p>\n","protected":false},"excerpt":{"rendered":"<p>La Uni\u00f3n Transviarios Automotor (UTA) anunci\u00f3 esta noche un paro de colectivos de 24 horas para el pr\u00f3ximo lunes en reclamo de mejoras salariales. &nbsp; &nbsp;\u00abEl Consejo Directivo Nacional de la Uni\u00f3n Transviarios Automotor comunica que luego de meses de audiencias sin resultados en el Ministerio de Trabajo de la Naci\u00f3n, no nos han dado [&hellip;]<\/p>\n","protected":false},"author":2,"featured_media":1373,"comment_status":"open","ping_status":"open","sticky":false,"template":"","format":"standard","meta":{"footnotes":""},"categories":[46],"tags":[],"class_list":["post-1372","post","type-post","status-publish","format-standard","has-post-thumbnail","hentry","category-gremial"],"_links":{"self":[{"href":"https:\/\/infoactual.com.ar\/index.php\/wp-json\/wp\/v2\/posts\/1372","targetHints":{"allow":["GET"]}}],"collection":[{"href":"https:\/\/infoactual.com.ar\/index.php\/wp-json\/wp\/v2\/posts"}],"about":[{"href":"https:\/\/infoactual.com.ar\/index.php\/wp-json\/wp\/v2\/types\/post"}],"author":[{"embeddable":true,"href":"https:\/\/infoactual.com.ar\/index.php\/wp-json\/wp\/v2\/users\/2"}],"replies":[{"embeddable":true,"href":"https:\/\/infoactual.com.ar\/index.php\/wp-json\/wp\/v2\/comments?post=1372"}],"version-history":[{"count":1,"href":"https:\/\/infoactual.com.ar\/index.php\/wp-json\/wp\/v2\/posts\/1372\/revisions"}],"predecessor-version":[{"id":1374,"href":"https:\/\/infoactual.com.ar\/index.php\/wp-json\/wp\/v2\/posts\/1372\/revisions\/1374"}],"wp:featuredmedia":[{"embeddable":true,"href":"https:\/\/infoactual.com.ar\/index.php\/wp-json\/wp\/v2\/media\/1373"}],"wp:attachment":[{"href":"https:\/\/infoactual.com.ar\/index.php\/wp-json\/wp\/v2\/media?parent=1372"}],"wp:term":[{"taxonomy":"category","embeddable":true,"href":"https:\/\/infoactual.com.ar\/index.php\/wp-json\/wp\/v2\/categories?post=1372"},{"taxonomy":"post_tag","embeddable":true,"href":"https:\/\/infoactual.com.ar\/index.php\/wp-json\/wp\/v2\/tags?post=1372"}],"curies":[{"name":"wp","href":"https:\/\/api.w.org\/{rel}","templated":true}]}}