{"id":14306,"date":"2022-04-27T14:55:49","date_gmt":"2022-04-27T17:55:49","guid":{"rendered":"http:\/\/infoactual.com.ar\/?p=14306"},"modified":"2022-04-27T14:55:50","modified_gmt":"2022-04-27T17:55:50","slug":"para-mostrar-unidad-macri-participo-de-una-reunion-de-gabinete-junto-a-rodriguez-larreta","status":"publish","type":"post","link":"https:\/\/infoactual.com.ar\/index.php\/2022\/04\/27\/para-mostrar-unidad-macri-participo-de-una-reunion-de-gabinete-junto-a-rodriguez-larreta\/","title":{"rendered":"PARA MOSTRAR UNIDAD, MACRI PARTICIP\u00d3 DE UNA REUNI\u00d3N DE GABINETE JUNTO A RODR\u00cdGUEZ LARRETA"},"content":{"rendered":"\n<p><strong>En medio de las tensiones de Juntos por el Cambio, el expresidente Mauricio Macri se mostr\u00f3 junto al jefe de Gobierno porte\u00f1o, Horacio Rodr\u00edguez Larreta, en una reuni\u00f3n del Gabinete de la Ciudad en un encuentro en el que se trataron los avances del plan de gesti\u00f3n.&nbsp;<\/strong><\/p>\n\n\n\n<p>&nbsp; &nbsp;A pesar de las diferencias de la coalici\u00f3n, el mandatario local sostuvo al t\u00e9rmino de la reuni\u00f3n que conversaron en la perspectiva de avanzar en medidas impulsadas bajo la gesti\u00f3n de Macri en la Ciudad, como la ense\u00f1anza de ingl\u00e9s en las escuelas, modificaciones en el transporte e inversi\u00f3n en seguridad.<\/p>\n\n\n\n<p>&nbsp;&nbsp; \u00abHoy, con todo el equipo de la Ciudad, recibimos en la reuni\u00f3n de Gabinete de los mi\u00e9rcoles a Mauricio Macri y compartimos con \u00e9l los \u00faltimos avances de la gesti\u00f3n, incluidos muchos que empezamos juntos durante su tiempo como jefe de Gobierno\u00bb, tuite\u00f3 el referente del PRO.<\/p>\n\n\n\n<p>&nbsp;&nbsp; Y a\u00f1adi\u00f3: \u00abTodas las transformaciones que impuls\u00f3, las estamos profundizando. Y esto es posible porque hace 15 a\u00f1os en la Ciudad gobernamos con un plan, impulsando pol\u00edticas p\u00fablicas que se sostienen en el tiempo y con un gran equipo que trabaja y se compromete para seguir mejorando la vida de los millones de argentinos que viven o visitan la Ciudad\u00bb.<\/p>\n\n\n\n<p>&nbsp;&nbsp; Por su parte, el ministro de Gobierno de la Ciudad, Jorge Macri, sostuvo que se trat\u00f3 de un encuentro que evidenci\u00f3 la unidad:&nbsp;\u00abHubo un repaso de la gesti\u00f3n ya que Mauricio fue quien comenz\u00f3 este proceso de cambio en la Ciudad de Buenos Aires y que contin\u00fao Horacio. Siempre le gusta ver c\u00f3mo sigue todo esto y m\u00e1s post pandemia. Escuchamos su mirada del pa\u00eds y del futuro y por eso fue una reuni\u00f3n inspiradora\u00bb.<\/p>\n\n\n\n<p>&nbsp;&nbsp; \u00abEl objetivo es cuidar y proteger a la gente y no preocuparnos por las cuestiones internas. Nos hizo foco en la cuesti\u00f3n de estar juntos y con esta reuni\u00f3n estamos mostrando la unidad que hay\u00bb, agreg\u00f3 el primo del ex jefa de Estado.<\/p>\n","protected":false},"excerpt":{"rendered":"<p>En medio de las tensiones de Juntos por el Cambio, el expresidente Mauricio Macri se mostr\u00f3 junto al jefe de Gobierno porte\u00f1o, Horacio Rodr\u00edguez Larreta, en una reuni\u00f3n del Gabinete de la Ciudad en un encuentro en el que se trataron los avances del plan de gesti\u00f3n.&nbsp; &nbsp; &nbsp;A pesar de las diferencias de la [&hellip;]<\/p>\n","protected":false},"author":2,"featured_media":14307,"comment_status":"open","ping_status":"open","sticky":false,"template":"","format":"standard","meta":{"footnotes":""},"categories":[43],"tags":[],"class_list":["post-14306","post","type-post","status-publish","format-standard","has-post-thumbnail","hentry","category-politica"],"_links":{"self":[{"href":"https:\/\/infoactual.com.ar\/index.php\/wp-json\/wp\/v2\/posts\/14306","targetHints":{"allow":["GET"]}}],"collection":[{"href":"https:\/\/infoactual.com.ar\/index.php\/wp-json\/wp\/v2\/posts"}],"about":[{"href":"https:\/\/infoactual.com.ar\/index.php\/wp-json\/wp\/v2\/types\/post"}],"author":[{"embeddable":true,"href":"https:\/\/infoactual.com.ar\/index.php\/wp-json\/wp\/v2\/users\/2"}],"replies":[{"embeddable":true,"href":"https:\/\/infoactual.com.ar\/index.php\/wp-json\/wp\/v2\/comments?post=14306"}],"version-history":[{"count":1,"href":"https:\/\/infoactual.com.ar\/index.php\/wp-json\/wp\/v2\/posts\/14306\/revisions"}],"predecessor-version":[{"id":14308,"href":"https:\/\/infoactual.com.ar\/index.php\/wp-json\/wp\/v2\/posts\/14306\/revisions\/14308"}],"wp:featuredmedia":[{"embeddable":true,"href":"https:\/\/infoactual.com.ar\/index.php\/wp-json\/wp\/v2\/media\/14307"}],"wp:attachment":[{"href":"https:\/\/infoactual.com.ar\/index.php\/wp-json\/wp\/v2\/media?parent=14306"}],"wp:term":[{"taxonomy":"category","embeddable":true,"href":"https:\/\/infoactual.com.ar\/index.php\/wp-json\/wp\/v2\/categories?post=14306"},{"taxonomy":"post_tag","embeddable":true,"href":"https:\/\/infoactual.com.ar\/index.php\/wp-json\/wp\/v2\/tags?post=14306"}],"curies":[{"name":"wp","href":"https:\/\/api.w.org\/{rel}","templated":true}]}}