{"id":14532,"date":"2022-05-03T18:42:25","date_gmt":"2022-05-03T21:42:25","guid":{"rendered":"http:\/\/infoactual.com.ar\/?p=14532"},"modified":"2022-05-03T18:42:26","modified_gmt":"2022-05-03T21:42:26","slug":"un-infectologo-que-asesora-al-gobierno-advirtio-que-hay-gran-preocupacion-por-el-aumento-de-contagios-de-covid-19","status":"publish","type":"post","link":"https:\/\/infoactual.com.ar\/index.php\/2022\/05\/03\/un-infectologo-que-asesora-al-gobierno-advirtio-que-hay-gran-preocupacion-por-el-aumento-de-contagios-de-covid-19\/","title":{"rendered":"UN INFECT\u00d3LOGO QUE ASESORA AL GOBIERNO ADVIRTI\u00d3 QUE HAY \u00abGRAN PREOCUPACI\u00d3N\u00bb POR EL AUMENTO DE CONTAGIOS DE COVID-19"},"content":{"rendered":"\n<p><strong>El infect\u00f3logo Hugo Pizzi, integrante del comit\u00e9 que asesora al Gobierno ante la pandemia de coronavirus, expres\u00f3 su \u00abgran preocupaci\u00f3n\u00bb por el aumento en la cantidad de contagios de coronavirus con la llegada de los primeros fr\u00edos y advirti\u00f3 que \u00abhay mucha gente que no se dio ni la segunda dosis\u00bb de la vacuna contra el Covid-19.<\/strong><\/p>\n\n\n\n<p>&nbsp; &nbsp;\u00ab(El incremento de contagios) Es una gran preocupaci\u00f3n, porque cuando empiezan a bajar las temperaturas se cierran las ventanas, la gente se abigarra en las habitaciones y ah\u00ed las v\u00edas a\u00e9reas superiores enganchan cualquier microorganismo que haya\u00bb, sostuvo el especialista.<\/p>\n\n\n\n<p>&nbsp;&nbsp; En di\u00e1logo con Sin Relato, el programa que conduce Antonio Fern\u00e1ndez Llorente en La990, el experto alert\u00f3 \u00abhay un subregistro (de los casos de coronavirus) del que nadie habla\u00bb.<\/p>\n\n\n\n<p>&nbsp;&nbsp; Ante este contexto, el cordob\u00e9s indic\u00f3 que \u00ablo ideal ser\u00eda estar vacunado con tres dosis contra el Covid y tambi\u00e9n la de la gripe\u00bb.<\/p>\n\n\n\n<p>&nbsp;&nbsp; Y agreg\u00f3: \u00abCon eso y el barbijo vas a pasar un buen invierno\u00bb.<\/p>\n\n\n\n<p>&nbsp;&nbsp; En lo que respecta a la campa\u00f1a de vacunaci\u00f3n contra el virus Sars Cov-2, Pizzi se\u00f1al\u00f3 que \u00abhay partidas (de vacunas) que se est\u00e1n venciendo y hay mucha gente que no se ha colocado la segunda o la tercera\u00bb dosis.<\/p>\n\n\n\n<p>&nbsp;&nbsp; \u00abMuchas lugares que se hab\u00edan convertido en vacunatorios tuvieron que cerrar porque no iba gente\u00bb, cont\u00f3 el infect\u00f3logo que integra el comit\u00e9 de asesores del Gobierno ante la pandemia de Covid-19.<\/p>\n","protected":false},"excerpt":{"rendered":"<p>El infect\u00f3logo Hugo Pizzi, integrante del comit\u00e9 que asesora al Gobierno ante la pandemia de coronavirus, expres\u00f3 su \u00abgran preocupaci\u00f3n\u00bb por el aumento en la cantidad de contagios de coronavirus con la llegada de los primeros fr\u00edos y advirti\u00f3 que \u00abhay mucha gente que no se dio ni la segunda dosis\u00bb de la vacuna contra [&hellip;]<\/p>\n","protected":false},"author":2,"featured_media":280,"comment_status":"open","ping_status":"open","sticky":false,"template":"","format":"standard","meta":{"footnotes":""},"categories":[43],"tags":[48],"class_list":["post-14532","post","type-post","status-publish","format-standard","has-post-thumbnail","hentry","category-politica","tag-destacada"],"_links":{"self":[{"href":"https:\/\/infoactual.com.ar\/index.php\/wp-json\/wp\/v2\/posts\/14532","targetHints":{"allow":["GET"]}}],"collection":[{"href":"https:\/\/infoactual.com.ar\/index.php\/wp-json\/wp\/v2\/posts"}],"about":[{"href":"https:\/\/infoactual.com.ar\/index.php\/wp-json\/wp\/v2\/types\/post"}],"author":[{"embeddable":true,"href":"https:\/\/infoactual.com.ar\/index.php\/wp-json\/wp\/v2\/users\/2"}],"replies":[{"embeddable":true,"href":"https:\/\/infoactual.com.ar\/index.php\/wp-json\/wp\/v2\/comments?post=14532"}],"version-history":[{"count":1,"href":"https:\/\/infoactual.com.ar\/index.php\/wp-json\/wp\/v2\/posts\/14532\/revisions"}],"predecessor-version":[{"id":14533,"href":"https:\/\/infoactual.com.ar\/index.php\/wp-json\/wp\/v2\/posts\/14532\/revisions\/14533"}],"wp:featuredmedia":[{"embeddable":true,"href":"https:\/\/infoactual.com.ar\/index.php\/wp-json\/wp\/v2\/media\/280"}],"wp:attachment":[{"href":"https:\/\/infoactual.com.ar\/index.php\/wp-json\/wp\/v2\/media?parent=14532"}],"wp:term":[{"taxonomy":"category","embeddable":true,"href":"https:\/\/infoactual.com.ar\/index.php\/wp-json\/wp\/v2\/categories?post=14532"},{"taxonomy":"post_tag","embeddable":true,"href":"https:\/\/infoactual.com.ar\/index.php\/wp-json\/wp\/v2\/tags?post=14532"}],"curies":[{"name":"wp","href":"https:\/\/api.w.org\/{rel}","templated":true}]}}