{"id":14880,"date":"2022-05-13T08:20:27","date_gmt":"2022-05-13T11:20:27","guid":{"rendered":"http:\/\/infoactual.com.ar\/?p=14880"},"modified":"2022-05-13T08:20:28","modified_gmt":"2022-05-13T11:20:28","slug":"denuncia-que-martin-tetaz-atropello-a-una-joven-que-hacia-delivery-pero-el-que-conducia-el-auto-era-un-amigo","status":"publish","type":"post","link":"https:\/\/infoactual.com.ar\/index.php\/2022\/05\/13\/denuncia-que-martin-tetaz-atropello-a-una-joven-que-hacia-delivery-pero-el-que-conducia-el-auto-era-un-amigo\/","title":{"rendered":"DENUNCIA QUE MART\u00cdN TETAZ ATROPELL\u00d3 A UNA JOVEN QUE HAC\u00cdA DELIVERY, PERO EL QUE CONDUC\u00cdA EL AUTO ERA UN AMIGO"},"content":{"rendered":"\n<p><strong>El diputado Mart\u00edn Tetaz se vio involucrado en un accidente en el cual una joven que hac\u00eda delivery fue atropellada, pero el polit\u00f3golo Franco Rinaldi asegur\u00f3 que era \u00e9l el que conduc\u00eda el veh\u00edculo.<\/strong><\/p>\n\n\n\n<p>&nbsp; &nbsp;El hecho ocurri\u00f3 en la madrugada de este viernes en el cruce de la avenida Las Heras y Billinghurst y Rinaldi se\u00f1al\u00f3: \u00abEstaba manejando yo solo en el auto. Tengo una adaptaci\u00f3n especial para conducir el auto\u00bb.<\/p>\n\n\n\n<p>&nbsp;&nbsp; En di\u00e1logo con el programa Esta Ma\u00f1ana que se emite por Radio Rivadavia, relat\u00f3: \u00abVen\u00eda por avenida Las Heras en onda verde y de la nada esta chica se cruz\u00f3 delante del auto. Creo que est\u00e1 en las c\u00e1maras c\u00f3mo ella se cruz\u00f3\u00bb.<\/p>\n\n\n\n<p>&nbsp;&nbsp; \u00abInmediatamente llam\u00e9 al SAME que la vino a buscar en pocos minutos\u00bb, a\u00f1adi\u00f3 a la vez que dijo que \u00abtodos los tests dieron normal\u00bb y a\u00f1adi\u00f3: \u00abMart\u00edn Tetaz vive cerca de la zona. Cuando sucede el accidente ven\u00eda de cenar con \u00e9l y lo llam\u00e9 para ver si pod\u00eda acercarse\u00bb.<\/p>\n\n\n\n<p>&nbsp;&nbsp; Por su lado, Tetaz revel\u00f3 en declaraciones a TN: \u00abFuimos a comer con un amigo, Franco Rinaldi, termin\u00f3 la cena y, ni bien entr\u00e9 a mi casa, me llam\u00f3 dici\u00e9ndome que atropell\u00f3 a una chica y quer\u00eda saber que estaba bien\u00bb.<\/p>\n\n\n\n<p>&nbsp;&nbsp; \u00abFranco tiene una discapacidad. Baj\u00e9 urgente, hab\u00eda una chica de delivery en el piso y estaba la polic\u00eda. Primero me fij\u00e9 que ella estuviera bien, despu\u00e9s fui a ver como estaba Franco y me qued\u00e9 con \u00e9l hasta que llego la ambulancia, a la chica la trasladaron al Fern\u00e1ndez\u00bb, indic\u00f3.<\/p>\n\n\n\n<p>&nbsp;&nbsp; Asimismo agreg\u00f3: \u00abAparentemente Franco viene circulando en la onda verde y la chica ven\u00eda de contramano, Franco no la vio, fren\u00f3 y la chica golpe\u00f3 contra el capot. No hay bicisenda en esa zona\u00bb.<\/p>\n\n\n\n<p>&nbsp;&nbsp; \u00abEs un auto que est\u00e1 preparado para un discapacitado que yo no sabr\u00eda ni manejarlo. Hay que ser una porquer\u00eda de persona para tratar de ensuciarme en una situaci\u00f3n como esta haciendo circular esa versi\u00f3n de que hab\u00eda sido yo el que manejaba\u00bb, asever\u00f3.<\/p>\n","protected":false},"excerpt":{"rendered":"<p>El diputado Mart\u00edn Tetaz se vio involucrado en un accidente en el cual una joven que hac\u00eda delivery fue atropellada, pero el polit\u00f3golo Franco Rinaldi asegur\u00f3 que era \u00e9l el que conduc\u00eda el veh\u00edculo. &nbsp; &nbsp;El hecho ocurri\u00f3 en la madrugada de este viernes en el cruce de la avenida Las Heras y Billinghurst y [&hellip;]<\/p>\n","protected":false},"author":2,"featured_media":14881,"comment_status":"open","ping_status":"open","sticky":false,"template":"","format":"standard","meta":{"footnotes":""},"categories":[45],"tags":[],"class_list":["post-14880","post","type-post","status-publish","format-standard","has-post-thumbnail","hentry","category-sociedad"],"_links":{"self":[{"href":"https:\/\/infoactual.com.ar\/index.php\/wp-json\/wp\/v2\/posts\/14880","targetHints":{"allow":["GET"]}}],"collection":[{"href":"https:\/\/infoactual.com.ar\/index.php\/wp-json\/wp\/v2\/posts"}],"about":[{"href":"https:\/\/infoactual.com.ar\/index.php\/wp-json\/wp\/v2\/types\/post"}],"author":[{"embeddable":true,"href":"https:\/\/infoactual.com.ar\/index.php\/wp-json\/wp\/v2\/users\/2"}],"replies":[{"embeddable":true,"href":"https:\/\/infoactual.com.ar\/index.php\/wp-json\/wp\/v2\/comments?post=14880"}],"version-history":[{"count":1,"href":"https:\/\/infoactual.com.ar\/index.php\/wp-json\/wp\/v2\/posts\/14880\/revisions"}],"predecessor-version":[{"id":14882,"href":"https:\/\/infoactual.com.ar\/index.php\/wp-json\/wp\/v2\/posts\/14880\/revisions\/14882"}],"wp:featuredmedia":[{"embeddable":true,"href":"https:\/\/infoactual.com.ar\/index.php\/wp-json\/wp\/v2\/media\/14881"}],"wp:attachment":[{"href":"https:\/\/infoactual.com.ar\/index.php\/wp-json\/wp\/v2\/media?parent=14880"}],"wp:term":[{"taxonomy":"category","embeddable":true,"href":"https:\/\/infoactual.com.ar\/index.php\/wp-json\/wp\/v2\/categories?post=14880"},{"taxonomy":"post_tag","embeddable":true,"href":"https:\/\/infoactual.com.ar\/index.php\/wp-json\/wp\/v2\/tags?post=14880"}],"curies":[{"name":"wp","href":"https:\/\/api.w.org\/{rel}","templated":true}]}}