{"id":14883,"date":"2022-05-13T08:28:48","date_gmt":"2022-05-13T11:28:48","guid":{"rendered":"http:\/\/infoactual.com.ar\/?p=14883"},"modified":"2022-05-13T08:28:49","modified_gmt":"2022-05-13T11:28:49","slug":"destacan-la-importancia-de-vacunarse-contra-la-gripe-y-la-neumonia","status":"publish","type":"post","link":"https:\/\/infoactual.com.ar\/index.php\/2022\/05\/13\/destacan-la-importancia-de-vacunarse-contra-la-gripe-y-la-neumonia\/","title":{"rendered":"DESTACAN LA IMPORTANCIA DE VACUNARSE CONTRA LA GRIPE Y LA NEUMON\u00cdA"},"content":{"rendered":"\n<p><strong>La Sociedad Argentina de Vacunolog\u00eda y Epidemiolog\u00eda (SAVE) lanz\u00f3 la campa\u00f1a \u00abUna pausa por tu salud\u00bb para promover la vacunaci\u00f3n contra la gripe y la neumon\u00eda, sobre todo en los adultos mayores y crear una mayor conciencia en la comunidad sobre la importancia de protegerse de ambas enfermedades.<\/strong><\/p>\n\n\n\n<p>&nbsp; &nbsp;Los informes de Vigilancia de Infecciones Respiratorias Agudas acumulados a la semana doce de 2022 refieren un total de 129.916 reportes de enfermedad tipo influenza (ETI) y 20.016 casos de neumon\u00eda.<\/p>\n\n\n\n<p>&nbsp;&nbsp; En tanto, seg\u00fan nuevas estimaciones de los Centros para el Control y Prevenci\u00f3n de Enfermedades de los Estados Unidos (CDC) y la Organizaci\u00f3n Mundial de la Salud (OMS) cada a\u00f1o se producen en el mundo 650 mil defunciones por enfermedades relacionadas con la gripe.<\/p>\n\n\n\n<p>&nbsp;&nbsp; La mayor\u00eda de las personas que contraen la influenza\/gripe se recuperar\u00e1n, pero algunas desarrollar\u00e1n complicaciones que requerir\u00e1n internaci\u00f3n y, en algunos casos, debido a la evoluci\u00f3n de las mismas, podr\u00edan provocar la muerte.<\/p>\n\n\n\n<p>&nbsp;&nbsp; Los servicios de salud, tanto p\u00fablicos como privados, pueden verse desbordados durante los periodos de m\u00e1xima actividad de la enfermedad, mientras que adem\u00e1s puede producir un importante impacto socioecon\u00f3mico por el ausentismo tanto laboral como escolar.<\/p>\n\n\n\n<p>&nbsp;&nbsp; Los grupos que se presentan como m\u00e1s vulnerables son los que incluyen a personas de 65 a\u00f1os o m\u00e1s, pacientes de cualquier edad con ciertas afecciones cr\u00f3nicas (como asma, diabetes o enfermedades cardiacas), personas gestantes y ni\u00f1os menores de 24 meses.<\/p>\n\n\n\n<p>&nbsp;&nbsp; La campa\u00f1a \u00abUna pausa por tu salud\u00bb incluye una p\u00e1gina web informativa (www.unapausaportusalud.com) con mensajes sobre ambas enfermedades, grupos de riesgo, test para evaluaci\u00f3n de riesgo, respuestas a preguntas frecuentes y un video promocional.<\/p>\n\n\n\n<p>&nbsp;&nbsp; Tambi\u00e9n se invita a las personas que integran los grupos de riesgo, a que consulten con sus m\u00e9dicos y que se tomen una pausa en su rutina para acercarse a un centro de vacunaci\u00f3n y aplicarse ambas vacunas de forma gratuita, que pueden ser inoculadas en conjunto sin problemas.<\/p>\n\n\n\n<p>&nbsp;&nbsp; \u00abLas cifras son contundentes y muestran la relevancia de la gripe y la neumon\u00eda como problema de Salud P\u00fablica. Por otro lado, las coberturas de vacunaci\u00f3n en nuestro pa\u00eds para estas dos enfermedades prevenibles por vacunas no llegan al valor deseado y tal como ocurre con otras vacunas del calendario, se encuentra en niveles sub\u00f3ptimos\u00bb, afirm\u00f3 la Dra. Florencia Cahn, m\u00e9dica infect\u00f3loga, presidente de la Sociedad Argentina de Vacunolog\u00eda y Epidemiolog\u00eda (SAVE).<\/p>\n\n\n\n<p>&nbsp;&nbsp; Por su parte, la Dra. Andrea Uboldi, infect\u00f3loga pediatra, vicepresidente de la SAVE, se\u00f1al\u00f3: \u00abCuando analizamos los reportes de fallecimientos vemos que la curva crece exponencialmente a partir de los 60-65 a\u00f1os de edad. Son personas que generalmente presentan algunos otros factores de riesgo, como enfermedades cardiovasculares y\/o respiratorias: una gripe o una neumon\u00eda en ellos es mucho m\u00e1s compleja y con riesgo de dejar secuelas e inclusive producir un desenlace fatal\u00bb.<\/p>\n\n\n\n<p>&nbsp;&nbsp; \u00abLa edad es un factor clave, este aumento del riesgo se debe a un proceso de inmunosenesencia, proceso de envejecimiento natural del sistema Inmune. Se estima que el 70 y el 85 por ciento de las muertes relacionadas con la influenza estacional se produjeron en personas de 65 a\u00f1os de edad o m\u00e1s. Recomendamos siempre hablar con su m\u00e9dico de confianza y tomarse esa pausa que sugiere la campa\u00f1a para acercarse a un centro de vacunaci\u00f3n\u00bb, afirm\u00f3 por su lado la Dra. Iris Soledad Aguilar, secretaria general de la SAVE.<br>.<br>Vacunarse todos los a\u00f1os es la prevenci\u00f3n es la medida m\u00e1s importante contra la influenza.<br>.<br>Se ha demostrado que la vacuna contra la influenza reduce las complicaciones causadas por la influenza y tambi\u00e9n la posibilidad de hospitalizaciones o incluso la muerte; el virus de la gripe tiene una elevada capacidad de sufrir variaciones a\u00f1o a a\u00f1o y produce anticuerpos de corta duraci\u00f3n, por eso se requiere la vacunaci\u00f3n anual para lograr la protecci\u00f3n.<\/p>\n\n\n\n<p>&nbsp; &nbsp;Con respecto a neumococo existen 2 vacunas contra la neumon\u00eda.<br>&nbsp;&nbsp;Para ampliar la protecci\u00f3n en grupos de riesgo se recomienda una secuencia de orden, se aplica primero la vacuna antineumoc\u00f3cica 13 valente conjugada y un a\u00f1o despu\u00e9s se completa el ciclo con la vacuna polisac\u00e1rida 23valente.<\/p>\n\n\n\n<p>&nbsp;&nbsp; \u00abAmbas son aplicadas sin cargo para los grupos de riesgo, en hospitales y centros de salud p\u00fablicos de todo el pa\u00eds. Aquellas personas que extraviaron su carnet y no recuerdan su estado de vacunaci\u00f3n pueden asistir a dichos efectores para recibir asesoramiento e indicaciones de c\u00f3mo seguir con su plan de vacunaci\u00f3n y estar adecuadamente protegido\u00bb, dijo la Dra. Aguilar.<\/p>\n\n\n\n<p>&nbsp;&nbsp; Para la prevenci\u00f3n de estas enfermedades respiratorias potencialmente agresivas, los especialistas recomiendan, adem\u00e1s de la vacunaci\u00f3n, mantener algunas medidas higi\u00e9nicas como lavarse las manos frecuentemente, ventilar los ambientes, limpiar las superficies y toser o estornudar en el pliegue del codo. Ante la aparici\u00f3n de s\u00edntomas, quedarse en su casa y no exponer a otras personas al contagio.<br>.<br>La gripe y la neumon\u00eda.<br>.<br>La gripe es una infecci\u00f3n respiratoria muy contagiosa causada por el virus influenza que puede ocasionar episodios leves, graves o incluso, ante complicaciones, llegar a ser mortal.<\/p>\n\n\n\n<p>&nbsp;&nbsp; Entre otros, la gripe se manifiesta con s\u00edntomas como fiebre con o sin escalofr\u00edos, tos, dolor de garganta, cefalea, decaimiento o cansancio, mucosidad nasal o sensaci\u00f3n de nariz tapada, dolores musculares y v\u00f3mitos o diarrea; estos \u00faltimos sobre todo en los ni\u00f1os.<\/p>\n\n\n\n<p>&nbsp;&nbsp; La neumon\u00eda es una infecci\u00f3n respiratoria aguda que afecta a los pulmones y, entre otros, se manifiesta con s\u00edntomas como fiebre con o sin escalofr\u00edos, tos con o sin expectoraci\u00f3n, sensaci\u00f3n general de malestar, p\u00e9rdida de apetito, dolor en el pecho, sudor excesivo, decaimiento, dificultad respiratoria y en personas mayores episodios o cuadros de confusi\u00f3n o desorientaci\u00f3n.<\/p>\n\n\n\n<p>&nbsp;&nbsp; Los especialistas recomiendan que se aconseja la vacunaci\u00f3n a todas las personas de 65 a\u00f1os o m\u00e1s y aquellos que, sin alcanzar esa edad, presenten algunas de estas enfermedades asociadas: enfermedades pulmonares cr\u00f3nicas o asma, enfermedades cardiovasculares, insuficiencia renal cr\u00f3nica, diabetes y todos aquellos que est\u00e9n inmunocomprometidos.<\/p>\n\n\n\n<p>&nbsp;&nbsp; Adem\u00e1s, se aconseja la vacunaci\u00f3n antigripal en embarazadas (en cualquier momento de su embarazo) y en quienes presenten obesidad (IMC mayor de 30 kg\/m2); mientras que se indica el esquema secuencial de la vacunaci\u00f3n contra la neumon\u00eda tambi\u00e9n en las personas tabaquistas y en aquellos con enfermedad hep\u00e1tica.<\/p>\n","protected":false},"excerpt":{"rendered":"<p>La Sociedad Argentina de Vacunolog\u00eda y Epidemiolog\u00eda (SAVE) lanz\u00f3 la campa\u00f1a \u00abUna pausa por tu salud\u00bb para promover la vacunaci\u00f3n contra la gripe y la neumon\u00eda, sobre todo en los adultos mayores y crear una mayor conciencia en la comunidad sobre la importancia de protegerse de ambas enfermedades. &nbsp; &nbsp;Los informes de Vigilancia de Infecciones [&hellip;]<\/p>\n","protected":false},"author":2,"featured_media":14884,"comment_status":"open","ping_status":"open","sticky":false,"template":"","format":"standard","meta":{"footnotes":""},"categories":[45],"tags":[],"class_list":["post-14883","post","type-post","status-publish","format-standard","has-post-thumbnail","hentry","category-sociedad"],"_links":{"self":[{"href":"https:\/\/infoactual.com.ar\/index.php\/wp-json\/wp\/v2\/posts\/14883","targetHints":{"allow":["GET"]}}],"collection":[{"href":"https:\/\/infoactual.com.ar\/index.php\/wp-json\/wp\/v2\/posts"}],"about":[{"href":"https:\/\/infoactual.com.ar\/index.php\/wp-json\/wp\/v2\/types\/post"}],"author":[{"embeddable":true,"href":"https:\/\/infoactual.com.ar\/index.php\/wp-json\/wp\/v2\/users\/2"}],"replies":[{"embeddable":true,"href":"https:\/\/infoactual.com.ar\/index.php\/wp-json\/wp\/v2\/comments?post=14883"}],"version-history":[{"count":1,"href":"https:\/\/infoactual.com.ar\/index.php\/wp-json\/wp\/v2\/posts\/14883\/revisions"}],"predecessor-version":[{"id":14885,"href":"https:\/\/infoactual.com.ar\/index.php\/wp-json\/wp\/v2\/posts\/14883\/revisions\/14885"}],"wp:featuredmedia":[{"embeddable":true,"href":"https:\/\/infoactual.com.ar\/index.php\/wp-json\/wp\/v2\/media\/14884"}],"wp:attachment":[{"href":"https:\/\/infoactual.com.ar\/index.php\/wp-json\/wp\/v2\/media?parent=14883"}],"wp:term":[{"taxonomy":"category","embeddable":true,"href":"https:\/\/infoactual.com.ar\/index.php\/wp-json\/wp\/v2\/categories?post=14883"},{"taxonomy":"post_tag","embeddable":true,"href":"https:\/\/infoactual.com.ar\/index.php\/wp-json\/wp\/v2\/tags?post=14883"}],"curies":[{"name":"wp","href":"https:\/\/api.w.org\/{rel}","templated":true}]}}