{"id":15056,"date":"2022-05-18T21:49:41","date_gmt":"2022-05-19T00:49:41","guid":{"rendered":"http:\/\/infoactual.com.ar\/?p=15056"},"modified":"2022-05-18T21:49:42","modified_gmt":"2022-05-19T00:49:42","slug":"tras-las-diferencias-publicas-guzman-recibio-a-feletti-con-los-precios-en-el-centro-de-la-discusion","status":"publish","type":"post","link":"https:\/\/infoactual.com.ar\/index.php\/2022\/05\/18\/tras-las-diferencias-publicas-guzman-recibio-a-feletti-con-los-precios-en-el-centro-de-la-discusion\/","title":{"rendered":"TRAS LAS DIFERENCIAS P\u00daBLICAS, GUZM\u00c1N RECIBI\u00d3 A FELETTI CON LOS PRECIOS EN EL CENTRO DE LA DISCUSI\u00d3N"},"content":{"rendered":"\n<p><strong>El ministro de Econom\u00eda, Mart\u00edn Guzm\u00e1n, y el secretario de Comercio, Roberto Feletti, referentes de las dos posturas que est\u00e1n en disputa dentro del gobierno nacional, tras las diferencias que dirimieron en forma p\u00fablica mantuvieron hoy una reuni\u00f3n en el Palacio de Hacienda con la inflaci\u00f3n como centro de discusi\u00f3n.<\/strong><\/p>\n\n\n\n<p>&nbsp; &nbsp;Feletti mantiene su postura de reclamar una suba en las retenciones a las exportaciones de cereales como instrumento para frenar la escala de precios de los alimentos.<\/p>\n\n\n\n<p>&nbsp;&nbsp; En cambio, Guzm\u00e1n rechaza esta posibilidad y busca una salida elegante impulsando el impuesto a la \u00abrenta inesperada\u00bb como forma de congraciarse con el ala m\u00e1s progresista de la coalici\u00f3n gobernante.<\/p>\n\n\n\n<p>&nbsp;&nbsp; Los resultados hasta el momento no han sido satisfactorios porque la inflaci\u00f3n se dispar\u00f3 en los dos \u00faltimos meses y desde enero el precio de los alimentos acumula un alza cercana al 30%.<\/p>\n\n\n\n<p>&nbsp;&nbsp; Feletti recibi\u00f3 un duro golpe a su pol\u00edtica de acuerdo de precios cuando este lunes los molineros le expresaron su rechazo a participar del fideicomiso del trigo para bajar el precio de la harina.<\/p>\n\n\n\n<p>&nbsp;&nbsp; Tanto cerca de Guzm\u00e1n como de Feletti buscaron bajarle el tono al encuentro tild\u00e1ndolo de \u00abgesti\u00f3n y rutina\u00bb, pero el hecho de que el secretario haya caminado las tres cuadras desde Diagonal Sur hasta el Palacio de Hacienda para sentarse frente a Guzm\u00e1n deja una se\u00f1al pol\u00edtica a considerar.<\/p>\n\n\n\n<p>&nbsp;&nbsp; Los resultados del encuentro seguramente se develar\u00e1n en los pr\u00f3ximos d\u00edas a trav\u00e9s de las declaraciones que realice cada uno de ellos o de eventuales medidas.<\/p>\n\n\n\n<p>&nbsp;&nbsp; Feletti es una de las voces del kirchnerismo dentro del Gobierno nacional y el silencio posterior de ambas partes no hace m\u00e1s que azuzar distintas versiones.<\/p>\n\n\n\n<p>&nbsp; &nbsp;Feletti insiste con el fideicomiso . .<\/p>\n\n\n\n<p>&nbsp;&nbsp; Luego del encuentro con Guzm\u00e1n y pese al rechazo que recogi\u00f3 ayer por parte de la Federaci\u00f3n Argentina de la Industria Molinera, el secretario de Comercio se reuni\u00f3 con representantes de c\u00e1maras de pastas frescas, propietarios de pizzer\u00edas, casas de empanadas y actividades afines, fideeros y asociaciones de panadero.<\/p>\n\n\n\n<p>&nbsp;&nbsp; Feletti les comunic\u00f3 que ya hay molinos que han adherido al programa y ofreci\u00f3 detalles de c\u00f3mo funcionar\u00e1.<\/p>\n\n\n\n<p>&nbsp;&nbsp; En un comunicado de prensa, la Secretar\u00eda precis\u00f3 que est\u00e1 trabajando \u00abde manera individual\u00bb con los molinos interesados para la implementaci\u00f3n del programa.<\/p>\n\n\n\n<p>&nbsp;&nbsp; Estuvieron presentes autoridades de la Uni\u00f3n de Industriales Fideeros de la Rep\u00fablica Argentina; Federaci\u00f3n Argentina de la Industria del Pan y Afines; Asociaci\u00f3n de Pizzer\u00edas y Casas de Empanadas; del Centro Fabricantes de Pastas Frescas de Capital Federal; del Centro de Fabricantes de Pastas Frescas de la Provincia de Buenos Aires; de la Federaci\u00f3n de Entidades de Fabricantes de Pastas Frescas de la Rep\u00fablica Argentina; de Panaderos de la provincia de Buenos Aires; de tapas de Villa D\u2019Agri; Casamen; Mendia y tapas La Santiague\u00f1a.<\/p>\n","protected":false},"excerpt":{"rendered":"<p>El ministro de Econom\u00eda, Mart\u00edn Guzm\u00e1n, y el secretario de Comercio, Roberto Feletti, referentes de las dos posturas que est\u00e1n en disputa dentro del gobierno nacional, tras las diferencias que dirimieron en forma p\u00fablica mantuvieron hoy una reuni\u00f3n en el Palacio de Hacienda con la inflaci\u00f3n como centro de discusi\u00f3n. &nbsp; &nbsp;Feletti mantiene su postura [&hellip;]<\/p>\n","protected":false},"author":2,"featured_media":15057,"comment_status":"open","ping_status":"open","sticky":false,"template":"","format":"standard","meta":{"footnotes":""},"categories":[44],"tags":[],"class_list":["post-15056","post","type-post","status-publish","format-standard","has-post-thumbnail","hentry","category-economia"],"_links":{"self":[{"href":"https:\/\/infoactual.com.ar\/index.php\/wp-json\/wp\/v2\/posts\/15056","targetHints":{"allow":["GET"]}}],"collection":[{"href":"https:\/\/infoactual.com.ar\/index.php\/wp-json\/wp\/v2\/posts"}],"about":[{"href":"https:\/\/infoactual.com.ar\/index.php\/wp-json\/wp\/v2\/types\/post"}],"author":[{"embeddable":true,"href":"https:\/\/infoactual.com.ar\/index.php\/wp-json\/wp\/v2\/users\/2"}],"replies":[{"embeddable":true,"href":"https:\/\/infoactual.com.ar\/index.php\/wp-json\/wp\/v2\/comments?post=15056"}],"version-history":[{"count":1,"href":"https:\/\/infoactual.com.ar\/index.php\/wp-json\/wp\/v2\/posts\/15056\/revisions"}],"predecessor-version":[{"id":15058,"href":"https:\/\/infoactual.com.ar\/index.php\/wp-json\/wp\/v2\/posts\/15056\/revisions\/15058"}],"wp:featuredmedia":[{"embeddable":true,"href":"https:\/\/infoactual.com.ar\/index.php\/wp-json\/wp\/v2\/media\/15057"}],"wp:attachment":[{"href":"https:\/\/infoactual.com.ar\/index.php\/wp-json\/wp\/v2\/media?parent=15056"}],"wp:term":[{"taxonomy":"category","embeddable":true,"href":"https:\/\/infoactual.com.ar\/index.php\/wp-json\/wp\/v2\/categories?post=15056"},{"taxonomy":"post_tag","embeddable":true,"href":"https:\/\/infoactual.com.ar\/index.php\/wp-json\/wp\/v2\/tags?post=15056"}],"curies":[{"name":"wp","href":"https:\/\/api.w.org\/{rel}","templated":true}]}}