{"id":15061,"date":"2022-05-18T21:55:06","date_gmt":"2022-05-19T00:55:06","guid":{"rendered":"http:\/\/infoactual.com.ar\/?p=15061"},"modified":"2022-05-18T21:55:07","modified_gmt":"2022-05-19T00:55:07","slug":"vanoli-advirtio-que-la-interna-en-el-gobierno-conspira-contra-el-exito-de-cualquier-programa-contra-la-inflacion","status":"publish","type":"post","link":"https:\/\/infoactual.com.ar\/index.php\/2022\/05\/18\/vanoli-advirtio-que-la-interna-en-el-gobierno-conspira-contra-el-exito-de-cualquier-programa-contra-la-inflacion\/","title":{"rendered":"VANOLI ADVIRTI\u00d3 QUE LA INTERNA EN EL GOBIERNO \u00abCONSPIRA CONTRA EL \u00c9XITO DE CUALQUIER PROGRAMA\u00bb CONTRA LA INFLACI\u00d3N"},"content":{"rendered":"\n<p><strong>El ex presidente del Banco Central Alejandro Vanoli consider\u00f3 hoy que el Gobierno deber\u00eda lanzar un plan \u00abcre\u00edble\u00bb para bajar la inflaci\u00f3n, pero asegur\u00f3 que la interna en el oficialismo \u00abconspira contra el \u00e9xito de cualquier programa\u00bb.<\/strong><\/p>\n\n\n\n<p>&nbsp; &nbsp;\u00abHay que tener una estrategia antiinflacionaria que sea cre\u00edble. Y para esto, no puede haber un plan exitoso si no hay un apoyo pol\u00edtico. Sucede que la interna en el oficialismo conspira contra el \u00e9xito de cualquier programa\u00bb, sostuvo el ex funcionario.<\/p>\n\n\n\n<p>&nbsp;&nbsp; A su criterio: \u00abNinguna de las dos visiones absolutas que hay en el Gobierno puede dar resultado. Pero se necesita una estrategia antiinflacionaria, porque no se puede sostener que todos los meses haya 5 \u00f3 6% de inflaci\u00f3n. Esa estrategia tiene costos, pero es muy importante verlo en clave pol\u00edtica\u00bb.<\/p>\n\n\n\n<p>&nbsp;&nbsp; Para Vanoli, hasta ahora hay una \u00abrespuesta insuficiente con la inflaci\u00f3n. Por eso, el Gobierno tiene que comprometerse en bajarla y, para que eso ocurra, necesita apoyo pol\u00edtico\u00bb.<\/p>\n\n\n\n<p>&nbsp;&nbsp; En declaraciones al programa \u00abRPM\u00bb, que se emite por AM 990, el ex titular de la autoridad monetaria coment\u00f3 adem\u00e1s que desde el Poder Ejecutivo \u00abse ha intentado, a trav\u00e9s de distintas anclas como las tarifas o el tipo de cambio, frenar la inflaci\u00f3n. Pero ha faltado una estrategia integral que ataque el conjunto de las causas que la generan\u00bb.<\/p>\n\n\n\n<p>&nbsp;&nbsp; En ese sentido, identific\u00f3 tres factores que \u00abpesan de manera decisiva\u00bb sobre la suba de precios: el aumento de los alimentos y la energ\u00eda, la inercia inflacionaria y las expectativas.<\/p>\n\n\n\n<p>&nbsp;&nbsp; Sobre este \u00faltimo punto, evalu\u00f3: \u00abSi todo pensamos que la inflaci\u00f3n que sigue es igual o m\u00e1s alta que la anterior, empiezan los comportamientos especulativos\u00bb.<\/p>\n\n\n\n<p>&nbsp;&nbsp; Tambi\u00e9n dijo: \u00abSi permanentemente hay que aumentar la tasa de devaluaci\u00f3n para que no se retrase el tipo de cambio, eso propulsa la inflaci\u00f3n\u00bb.<\/p>\n\n\n\n<p>&nbsp;&nbsp; \u00abPero si se retrasa el tipo de cambio complica al sector externo. Y ah\u00ed estamos ante un verdadero dilema\u00bb, concluy\u00f3.<\/p>\n","protected":false},"excerpt":{"rendered":"<p>El ex presidente del Banco Central Alejandro Vanoli consider\u00f3 hoy que el Gobierno deber\u00eda lanzar un plan \u00abcre\u00edble\u00bb para bajar la inflaci\u00f3n, pero asegur\u00f3 que la interna en el oficialismo \u00abconspira contra el \u00e9xito de cualquier programa\u00bb. &nbsp; &nbsp;\u00abHay que tener una estrategia antiinflacionaria que sea cre\u00edble. Y para esto, no puede haber un plan [&hellip;]<\/p>\n","protected":false},"author":2,"featured_media":262,"comment_status":"open","ping_status":"open","sticky":false,"template":"","format":"standard","meta":{"footnotes":""},"categories":[44],"tags":[],"class_list":["post-15061","post","type-post","status-publish","format-standard","has-post-thumbnail","hentry","category-economia"],"_links":{"self":[{"href":"https:\/\/infoactual.com.ar\/index.php\/wp-json\/wp\/v2\/posts\/15061","targetHints":{"allow":["GET"]}}],"collection":[{"href":"https:\/\/infoactual.com.ar\/index.php\/wp-json\/wp\/v2\/posts"}],"about":[{"href":"https:\/\/infoactual.com.ar\/index.php\/wp-json\/wp\/v2\/types\/post"}],"author":[{"embeddable":true,"href":"https:\/\/infoactual.com.ar\/index.php\/wp-json\/wp\/v2\/users\/2"}],"replies":[{"embeddable":true,"href":"https:\/\/infoactual.com.ar\/index.php\/wp-json\/wp\/v2\/comments?post=15061"}],"version-history":[{"count":1,"href":"https:\/\/infoactual.com.ar\/index.php\/wp-json\/wp\/v2\/posts\/15061\/revisions"}],"predecessor-version":[{"id":15062,"href":"https:\/\/infoactual.com.ar\/index.php\/wp-json\/wp\/v2\/posts\/15061\/revisions\/15062"}],"wp:featuredmedia":[{"embeddable":true,"href":"https:\/\/infoactual.com.ar\/index.php\/wp-json\/wp\/v2\/media\/262"}],"wp:attachment":[{"href":"https:\/\/infoactual.com.ar\/index.php\/wp-json\/wp\/v2\/media?parent=15061"}],"wp:term":[{"taxonomy":"category","embeddable":true,"href":"https:\/\/infoactual.com.ar\/index.php\/wp-json\/wp\/v2\/categories?post=15061"},{"taxonomy":"post_tag","embeddable":true,"href":"https:\/\/infoactual.com.ar\/index.php\/wp-json\/wp\/v2\/tags?post=15061"}],"curies":[{"name":"wp","href":"https:\/\/api.w.org\/{rel}","templated":true}]}}