{"id":15063,"date":"2022-05-18T21:58:04","date_gmt":"2022-05-19T00:58:04","guid":{"rendered":"http:\/\/infoactual.com.ar\/?p=15063"},"modified":"2022-05-18T21:58:05","modified_gmt":"2022-05-19T00:58:05","slug":"miguel-merentiel-se-va-de-defensa-y-justicia-fue-vendido-al-palmeiras-de-brasil","status":"publish","type":"post","link":"https:\/\/infoactual.com.ar\/index.php\/2022\/05\/18\/miguel-merentiel-se-va-de-defensa-y-justicia-fue-vendido-al-palmeiras-de-brasil\/","title":{"rendered":"MIGUEL MERENTIEL SE VA DE DEFENSA Y JUSTICIA: FUE VENDIDO AL PALMEIRAS DE BRASIL"},"content":{"rendered":"\n<p><strong>El delantero uruguayo Miguel Merentiel fue vendido por Defensa y Justicia, donde cosech\u00f3 la Copa Sudamericana 2020 y la Recopa 2021, al Palmeiras de Brasil, que adquiri\u00f3 el 80 por ciento de su ficha.<\/strong><\/p>\n\n\n\n<p>&nbsp; &nbsp;\u00abDefensa y Justicia informa la venta de Miguel Merentiel al Palmeiras de Brasil. Lleg\u00f3 a Defensa en septiembre de 2020, y desde entonces disput\u00f3 79 partidos y convirti\u00f3 27 goles, siendo el 9\u00b0 m\u00e1ximo goleador de la historia de Defensa y Justicia\u00bb, se\u00f1al\u00f3 el elenco de Florencio Varela mediante un comunicado.<\/p>\n\n\n\n<p>&nbsp;&nbsp; Y agreg\u00f3: \u00abCon el Halc\u00f3n se consagr\u00f3 campe\u00f3n de la Copa sudamericana 2020 y de la Recopa CONMEBOL 2021. \u00a1Miguel, gracias por tu paso por el Halc\u00f3n y te deseamos lo mejor en lo que viene!\u00bb.<\/p>\n\n\n\n<p>&nbsp;&nbsp; Seg\u00fan asegur\u00f3 el sitio local Globo Esporte, Palmeiras compr\u00f3 el 80 por ciento del pase del atacante por un mill\u00f3n y medio de d\u00f3lares, al tiempo que le hizo un contrato por cuatro a\u00f1os.<\/p>\n\n\n\n<p>&nbsp;&nbsp; \u00abLa verdad es que es algo inexplicable e impresionante. Estoy muy contento de estar en el actual bicampe\u00f3n de Am\u00e9rica. Har\u00e9 lo mejor que pueda y dar\u00e9 todo por este equipo. Para mi carrera es algo enorme, pas\u00e9 de un equipo rival al m\u00e1s grande de Sudam\u00e9rica.<\/p>\n\n\n\n<p>&nbsp;&nbsp;Lo voy a vivir de la mejor manera, me voy a dar al m\u00e1ximo por este club\u00bb, manifest\u00f3 Merentiel, quien ya pos\u00f3 con la camiseta del Palmeiras.<\/p>\n","protected":false},"excerpt":{"rendered":"<p>El delantero uruguayo Miguel Merentiel fue vendido por Defensa y Justicia, donde cosech\u00f3 la Copa Sudamericana 2020 y la Recopa 2021, al Palmeiras de Brasil, que adquiri\u00f3 el 80 por ciento de su ficha. &nbsp; &nbsp;\u00abDefensa y Justicia informa la venta de Miguel Merentiel al Palmeiras de Brasil. Lleg\u00f3 a Defensa en septiembre de 2020, [&hellip;]<\/p>\n","protected":false},"author":2,"featured_media":15064,"comment_status":"open","ping_status":"open","sticky":false,"template":"","format":"standard","meta":{"footnotes":""},"categories":[50],"tags":[],"class_list":["post-15063","post","type-post","status-publish","format-standard","has-post-thumbnail","hentry","category-deportes"],"_links":{"self":[{"href":"https:\/\/infoactual.com.ar\/index.php\/wp-json\/wp\/v2\/posts\/15063","targetHints":{"allow":["GET"]}}],"collection":[{"href":"https:\/\/infoactual.com.ar\/index.php\/wp-json\/wp\/v2\/posts"}],"about":[{"href":"https:\/\/infoactual.com.ar\/index.php\/wp-json\/wp\/v2\/types\/post"}],"author":[{"embeddable":true,"href":"https:\/\/infoactual.com.ar\/index.php\/wp-json\/wp\/v2\/users\/2"}],"replies":[{"embeddable":true,"href":"https:\/\/infoactual.com.ar\/index.php\/wp-json\/wp\/v2\/comments?post=15063"}],"version-history":[{"count":1,"href":"https:\/\/infoactual.com.ar\/index.php\/wp-json\/wp\/v2\/posts\/15063\/revisions"}],"predecessor-version":[{"id":15065,"href":"https:\/\/infoactual.com.ar\/index.php\/wp-json\/wp\/v2\/posts\/15063\/revisions\/15065"}],"wp:featuredmedia":[{"embeddable":true,"href":"https:\/\/infoactual.com.ar\/index.php\/wp-json\/wp\/v2\/media\/15064"}],"wp:attachment":[{"href":"https:\/\/infoactual.com.ar\/index.php\/wp-json\/wp\/v2\/media?parent=15063"}],"wp:term":[{"taxonomy":"category","embeddable":true,"href":"https:\/\/infoactual.com.ar\/index.php\/wp-json\/wp\/v2\/categories?post=15063"},{"taxonomy":"post_tag","embeddable":true,"href":"https:\/\/infoactual.com.ar\/index.php\/wp-json\/wp\/v2\/tags?post=15063"}],"curies":[{"name":"wp","href":"https:\/\/api.w.org\/{rel}","templated":true}]}}