{"id":15077,"date":"2022-05-19T11:07:10","date_gmt":"2022-05-19T14:07:10","guid":{"rendered":"http:\/\/infoactual.com.ar\/?p=15077"},"modified":"2022-05-19T11:07:11","modified_gmt":"2022-05-19T14:07:11","slug":"rodriguez-larreta-presento-una-comisaria-movil-con-un-guino-a-los-votantes-de-milei-seguridad-es-libertad","status":"publish","type":"post","link":"https:\/\/infoactual.com.ar\/index.php\/2022\/05\/19\/rodriguez-larreta-presento-una-comisaria-movil-con-un-guino-a-los-votantes-de-milei-seguridad-es-libertad\/","title":{"rendered":"RODR\u00cdGUEZ LARRETA PRESENT\u00d3 UNA COMISAR\u00cdA M\u00d3VIL CON UN GUI\u00d1O A LOS VOTANTES DE MILEI: \u00abSEGURIDAD ES LIBERTAD\u00bb"},"content":{"rendered":"\n<p><strong>El jefe de Gobierno porte\u00f1o, Horacio Rodr\u00edguez Larreta, present\u00f3 una Unidad M\u00f3vil de Monitoreo y Denuncia, que funcionar\u00e1 como una suerte de comisar\u00eda rodante, y destac\u00f3 que para combatir al delito se necesita \u00abplanificaci\u00f3n, decisi\u00f3n pol\u00edtica y firmeza\u00bb, as\u00ed como tambi\u00e9n remarc\u00f3 que \u00abseguridad es libertad\u00bb.<\/strong><\/p>\n\n\n\n<p>&nbsp; &nbsp;El flamante dispositivo servir\u00e1 tanto para que los vecinos puedan realizar denuncias como para coordinar operativos durante eventos masivos, como recitales o partidos de f\u00fatbol.<\/p>\n\n\n\n<p>&nbsp;&nbsp; Al encabezar el acto en el Parque Tres de Febrero, el referente del PRO subray\u00f3 que \u00abla seguridad es una pol\u00edtica de Estado en la Ciudad\u00bb y afirm\u00f3 que \u00abse necesita decisi\u00f3n pol\u00edtica y firmeza en la lucha contra el delito\u00bb.<\/p>\n\n\n\n<p>&nbsp;&nbsp; En ese sentido, el mandatario de la Ciudad celebr\u00f3 que se alcanz\u00f3 \u00abla tasa de delito m\u00e1s baja de los \u00faltimos 27 a\u00f1os\u00bb en el distrito capitalino.<\/p>\n\n\n\n<p>&nbsp;&nbsp; \u00abMientras haya un crimen tenemos que seguir trabajando\u00bb, se\u00f1al\u00f3 Rodr\u00edguez Larreta, quien insisti\u00f3 en que los pilares en el combate contra la inseguridad son \u00abplanificaci\u00f3n, decisi\u00f3n pol\u00edtica y firmeza\u00bb.<\/p>\n\n\n\n<p>&nbsp;&nbsp; Como cierre del acto, el jefe de Gobierno porte\u00f1o habl\u00f3 en tono electoral, sin ocultar sus intenciones de competir en 2023 por la Presidencia. \u00abSeguridad es libertad\u00bb, afirm\u00f3, en un gui\u00f1o al electorado atra\u00eddo por el liberal Javier Milei.<\/p>\n\n\n\n<p>&nbsp;&nbsp; \u00abAc\u00e1 hay un mensaje muy importante para la Argentina entera: se puede mejorar la seguridad. Se lo digo a los que viven en el Conurbano, en Rosario. Hoy la seguridad es una de las principales preocupaciones de los argentinos\u00bb, concluy\u00f3.<\/p>\n\n\n\n<p>&nbsp;&nbsp; Por su parte, el ministro de Justicia y Seguridad, Marcelo D \u00b4Alessandro, indic\u00f3 que el objetivo de la Unidad M\u00f3vil de Monitoreo y Denuncia es \u00abacercar la seguridad a los vecinos\u00bb; mientras que su par de Gobierno, Jorge Macri, celebr\u00f3 que \u00abesta tecnolog\u00eda va a permitir poder trabajar en el barrio\u00bb.<\/p>\n\n\n\n<p>&nbsp;&nbsp; \u00abEsta comisar\u00eda va a ser un nuevo espacio de denuncia y un centro operativo con todas las herramientas\u00bb, finaliz\u00f3 el jefe de Gabinete de la Ciudad, Felipe Miguel.<\/p>\n","protected":false},"excerpt":{"rendered":"<p>El jefe de Gobierno porte\u00f1o, Horacio Rodr\u00edguez Larreta, present\u00f3 una Unidad M\u00f3vil de Monitoreo y Denuncia, que funcionar\u00e1 como una suerte de comisar\u00eda rodante, y destac\u00f3 que para combatir al delito se necesita \u00abplanificaci\u00f3n, decisi\u00f3n pol\u00edtica y firmeza\u00bb, as\u00ed como tambi\u00e9n remarc\u00f3 que \u00abseguridad es libertad\u00bb. &nbsp; &nbsp;El flamante dispositivo servir\u00e1 tanto para que los [&hellip;]<\/p>\n","protected":false},"author":2,"featured_media":15078,"comment_status":"open","ping_status":"open","sticky":false,"template":"","format":"standard","meta":{"footnotes":""},"categories":[43],"tags":[],"class_list":["post-15077","post","type-post","status-publish","format-standard","has-post-thumbnail","hentry","category-politica"],"_links":{"self":[{"href":"https:\/\/infoactual.com.ar\/index.php\/wp-json\/wp\/v2\/posts\/15077","targetHints":{"allow":["GET"]}}],"collection":[{"href":"https:\/\/infoactual.com.ar\/index.php\/wp-json\/wp\/v2\/posts"}],"about":[{"href":"https:\/\/infoactual.com.ar\/index.php\/wp-json\/wp\/v2\/types\/post"}],"author":[{"embeddable":true,"href":"https:\/\/infoactual.com.ar\/index.php\/wp-json\/wp\/v2\/users\/2"}],"replies":[{"embeddable":true,"href":"https:\/\/infoactual.com.ar\/index.php\/wp-json\/wp\/v2\/comments?post=15077"}],"version-history":[{"count":1,"href":"https:\/\/infoactual.com.ar\/index.php\/wp-json\/wp\/v2\/posts\/15077\/revisions"}],"predecessor-version":[{"id":15079,"href":"https:\/\/infoactual.com.ar\/index.php\/wp-json\/wp\/v2\/posts\/15077\/revisions\/15079"}],"wp:featuredmedia":[{"embeddable":true,"href":"https:\/\/infoactual.com.ar\/index.php\/wp-json\/wp\/v2\/media\/15078"}],"wp:attachment":[{"href":"https:\/\/infoactual.com.ar\/index.php\/wp-json\/wp\/v2\/media?parent=15077"}],"wp:term":[{"taxonomy":"category","embeddable":true,"href":"https:\/\/infoactual.com.ar\/index.php\/wp-json\/wp\/v2\/categories?post=15077"},{"taxonomy":"post_tag","embeddable":true,"href":"https:\/\/infoactual.com.ar\/index.php\/wp-json\/wp\/v2\/tags?post=15077"}],"curies":[{"name":"wp","href":"https:\/\/api.w.org\/{rel}","templated":true}]}}