{"id":15169,"date":"2022-05-21T11:44:50","date_gmt":"2022-05-21T14:44:50","guid":{"rendered":"http:\/\/infoactual.com.ar\/?p=15169"},"modified":"2022-05-21T11:44:51","modified_gmt":"2022-05-21T14:44:51","slug":"gimnasia-y-esgrima-la-plata-johan-carbonero-a-juicio-oral-por-acoso-y-tentativa-de-abuso-sexual","status":"publish","type":"post","link":"https:\/\/infoactual.com.ar\/index.php\/2022\/05\/21\/gimnasia-y-esgrima-la-plata-johan-carbonero-a-juicio-oral-por-acoso-y-tentativa-de-abuso-sexual\/","title":{"rendered":"GIMNASIA Y ESGRIMA LA PLATA: JOHAN CARBONERO, A JUICIO ORAL POR ACOSO Y TENTATIVA DE ABUSO SEXUAL"},"content":{"rendered":"\n<p><strong>El futbolista de Gimnasia y Esgrima La Plata Johan Carbonero ir\u00e1 a juicio oral por acoso y tentativa de abuso sexual por una denuncia de la recepcionista de un hotel en la ciudad de La Plata.<\/strong><\/p>\n\n\n\n<p>&nbsp; &nbsp;El mundo del \u00abLobo\u00bb platense se vio sorprendido tras el anuncio de la fiscal Virginia Bravo, de la Unidad Funcional de Instrucci\u00f3n (UFI) n\u00famero 7 del Departamento Judicial de La Plata, de elevar a juicio oral la causa por denuncia de g\u00e9nero contra el colombiano, a ra\u00edz de la denuncia por acoso y tentativa de abuso, la cual se radic\u00f3 en noviembre del 2020.<\/p>\n\n\n\n<p>&nbsp;&nbsp; Carbonero sigue de cerca la causa en su contra, ya que desde el primer momento se puso a disposici\u00f3n de la Justicia, ante la solicitud del club, que tuvo una r\u00e1pida intervenci\u00f3n.<\/p>\n\n\n\n<p>&nbsp;&nbsp; Si bien la elevaci\u00f3n a juicio oral de la causa genera impacto, seg\u00fan informo un medio de La Plata, la situaci\u00f3n deportiva del futbolista no sufrir\u00eda cambios, ya que desde la instituci\u00f3n estuvieron acompa\u00f1ando a la v\u00edctima -desde la subcomisi\u00f3n de g\u00e9nero- y aconsejando al colombiano en cada citaci\u00f3n fiscal.<\/p>\n\n\n\n<p>&nbsp;&nbsp; La fiscal Virginia Bravo, recopil\u00f3 la informaci\u00f3n necesaria para dictaminar ante el juez que con lo recabado la causa est\u00e1 para ser elevada a juicio oral, sin embargo el camino judicial ser\u00e1 extenso.<\/p>\n\n\n\n<p>&nbsp;&nbsp; Cabe destacar que la denuncia contra Carbonero fue realizada el 6 de noviembre del 2020 por una empleada del hotel en el cual se hospedaba, despu\u00e9s de llevar un corto tiempo en La Plata y tras convertirse en refuerzo de Gimnasia.<\/p>\n\n\n\n<p>&nbsp;&nbsp; Seg\u00fan el relato de la mujer en su declaraci\u00f3n a la justicia el futbolista colombiano la acos\u00f3 y en base a su testimonio, se le abri\u00f3 una denuncia de g\u00e9nero por acoso y tentativa de abuso en la UFI 7.<\/p>\n","protected":false},"excerpt":{"rendered":"<p>El futbolista de Gimnasia y Esgrima La Plata Johan Carbonero ir\u00e1 a juicio oral por acoso y tentativa de abuso sexual por una denuncia de la recepcionista de un hotel en la ciudad de La Plata. &nbsp; &nbsp;El mundo del \u00abLobo\u00bb platense se vio sorprendido tras el anuncio de la fiscal Virginia Bravo, de la [&hellip;]<\/p>\n","protected":false},"author":2,"featured_media":15170,"comment_status":"open","ping_status":"open","sticky":false,"template":"","format":"standard","meta":{"footnotes":""},"categories":[50],"tags":[],"class_list":["post-15169","post","type-post","status-publish","format-standard","has-post-thumbnail","hentry","category-deportes"],"_links":{"self":[{"href":"https:\/\/infoactual.com.ar\/index.php\/wp-json\/wp\/v2\/posts\/15169","targetHints":{"allow":["GET"]}}],"collection":[{"href":"https:\/\/infoactual.com.ar\/index.php\/wp-json\/wp\/v2\/posts"}],"about":[{"href":"https:\/\/infoactual.com.ar\/index.php\/wp-json\/wp\/v2\/types\/post"}],"author":[{"embeddable":true,"href":"https:\/\/infoactual.com.ar\/index.php\/wp-json\/wp\/v2\/users\/2"}],"replies":[{"embeddable":true,"href":"https:\/\/infoactual.com.ar\/index.php\/wp-json\/wp\/v2\/comments?post=15169"}],"version-history":[{"count":1,"href":"https:\/\/infoactual.com.ar\/index.php\/wp-json\/wp\/v2\/posts\/15169\/revisions"}],"predecessor-version":[{"id":15171,"href":"https:\/\/infoactual.com.ar\/index.php\/wp-json\/wp\/v2\/posts\/15169\/revisions\/15171"}],"wp:featuredmedia":[{"embeddable":true,"href":"https:\/\/infoactual.com.ar\/index.php\/wp-json\/wp\/v2\/media\/15170"}],"wp:attachment":[{"href":"https:\/\/infoactual.com.ar\/index.php\/wp-json\/wp\/v2\/media?parent=15169"}],"wp:term":[{"taxonomy":"category","embeddable":true,"href":"https:\/\/infoactual.com.ar\/index.php\/wp-json\/wp\/v2\/categories?post=15169"},{"taxonomy":"post_tag","embeddable":true,"href":"https:\/\/infoactual.com.ar\/index.php\/wp-json\/wp\/v2\/tags?post=15169"}],"curies":[{"name":"wp","href":"https:\/\/api.w.org\/{rel}","templated":true}]}}