{"id":15219,"date":"2022-05-23T08:55:10","date_gmt":"2022-05-23T11:55:10","guid":{"rendered":"http:\/\/infoactual.com.ar\/?p=15219"},"modified":"2022-05-23T08:55:11","modified_gmt":"2022-05-23T11:55:11","slug":"urtubey-sorprendio-con-un-elogio-a-un-referente-kirchnerista-wado-de-pedro-es-un-dirigente-super-interesante","status":"publish","type":"post","link":"https:\/\/infoactual.com.ar\/index.php\/2022\/05\/23\/urtubey-sorprendio-con-un-elogio-a-un-referente-kirchnerista-wado-de-pedro-es-un-dirigente-super-interesante\/","title":{"rendered":"URTUBEY SORPRENDI\u00d3 CON UN ELOGIO A UN REFERENTE KIRCHNERISTA: \u00abWADO DE PEDRO ES UN DIRIGENTE S\u00daPER INTERESANTE\u00bb"},"content":{"rendered":"\n<p><strong>El ex gobernador de Salta Juan Manuel Urtubey sorprendi\u00f3 con un elogio al ministro de Interior, Eduardo \u00abWado\u00bb de Pedro, de quien asegur\u00f3 que es \u00abun dirigente s\u00faper interesante\u00bb al se\u00f1alar que \u00abtiene una profunda vocaci\u00f3n pol\u00edtica y entiende que desde el di\u00e1logo se construye\u00bb.<\/strong><\/p>\n\n\n\n<p>&nbsp; &nbsp;En declaraciones radiales, Urtubey se mostr\u00f3 entusiasmado con la posibilidad de \u00abdiscutir el peronismo que viene\u00bb.<\/p>\n\n\n\n<p>&nbsp;&nbsp; \u00abEl peronismo debe ser el veh\u00edculo transformador, lamentablemente eso no se verifica en la realidad, pero debe ser as\u00ed\u00bb, analiz\u00f3.<\/p>\n\n\n\n<p>&nbsp;&nbsp; En este marco, Urtubey destac\u00f3 la figura de Wado de Pedro, a quien defini\u00f3 como \u00abun dirigente s\u00faper interesante porque tiene una profunda vocaci\u00f3n pol\u00edtica y entiende que desde el di\u00e1logo se construye\u00bb.<\/p>\n\n\n\n<p>&nbsp;&nbsp; \u00ab\u00c9l habla con todo el mundo y eso me parece un dato interesante. El di\u00e1logo es una herramienta de construcci\u00f3n de un proyecto colectivo que espero que pueda nacer, porque hasta ahora el Gobierno no lo ha podido hacer. Tener dirigentes con los cuales poder hablar est\u00e1 bueno\u00bb, valor\u00f3 el ex mandatario salte\u00f1o, quien d\u00edas atr\u00e1s particip\u00f3 de una cumbre del PJ salte\u00f1o en Mendoza, invitado por De Pedro y por la senadora nacional Anabel Fern\u00e1ndez Sagasti.<\/p>\n\n\n\n<p>&nbsp;&nbsp; Alejado durante bastante tiempo de los primeros planos de la pol\u00edtica tras intentar construir de forma infructuosa a una tercera v\u00eda por fuera de \u00abla grieta\u00bb, Urtubey comenz\u00f3 semanas atr\u00e1s a tender puentes con sectores del peronismo con los que se encontraba distante.<\/p>\n\n\n\n<p>&nbsp;&nbsp; En este sentido, sorprendi\u00f3 su asistencia al encuentro del PJ a Mendoza, y m\u00e1s a\u00fan sus expresiones de \u00abbuena onda\u00bb con un dirigente cercano a Cristina Kirchner como De Pedro.<\/p>\n\n\n\n<p>&nbsp;&nbsp; El ministro de Interior, referente del ala m\u00e1s moderada de La C\u00e1mpora, viene levantando su perfil en las \u00faltimas semanas, multiplicando reuniones con dirigentes de distintos \u00e1mbitos de la pol\u00edtica, los movimientos sociales, el sindicalismo y el empresariado.<\/p>\n\n\n\n<p>&nbsp;&nbsp; Diferenci\u00e1ndose de Cristina Kirchner, de M\u00e1ximo Kirchner y de Andr\u00e9s \u00abel Cuervo\u00bb Larroque, quienes no ocultan su desilusi\u00f3n y cuestionamiento al rumbo que le imprime Alberto Fern\u00e1ndez a la pol\u00edtica econ\u00f3mica del pa\u00eds, De Pedro cuida su relaci\u00f3n con el Gobierno y tiende puentes con sectores impugnados por el kirchnerismo duro y se muestra como una opci\u00f3n presidenciable de cara al 2023.&nbsp;&nbsp;.<\/p>\n\n\n\n<p>&nbsp;&nbsp; Urtubey ponder\u00f3 el estilo dialoguista de De Pedro e&nbsp;insisti\u00f3 en que \u00abno se puede construir un proyecto com\u00fan sin hablar\u00bb.<\/p>\n\n\n\n<p>&nbsp;&nbsp; \u00abEl Gobierno (del Frente de Todos) se construye desde la l\u00f3gica de la confrontaci\u00f3n y yo no coincido con esta l\u00f3gica, que nos hace mucho da\u00f1o a los argentinos\u00bb, consider\u00f3.<\/p>\n\n\n\n<p>&nbsp;&nbsp; \u00abApunto en serio a la construcci\u00f3n colectiva. Si no logramos un acuerdo de 4 o 5 temas centrales que necesita Argentina para salir adelante, este pa\u00eds no va a salir adelante nunca\u00bb, recalc\u00f3 el salte\u00f1o.<\/p>\n\n\n\n<p>&nbsp;&nbsp; Por \u00faltimo, Urtubey critic\u00f3 la gesti\u00f3n de Alberto Fern\u00e1ndez: \u00abEl problema es que tenemos un presidente que no tiene palabra y no ejerce posiciones de poder. Yo no soy parte del Frente de Todos, soy ajeno y por eso en la interna no me meto, pero eval\u00fao la gesti\u00f3n y es muy mala\u00bb.<\/p>\n","protected":false},"excerpt":{"rendered":"<p>El ex gobernador de Salta Juan Manuel Urtubey sorprendi\u00f3 con un elogio al ministro de Interior, Eduardo \u00abWado\u00bb de Pedro, de quien asegur\u00f3 que es \u00abun dirigente s\u00faper interesante\u00bb al se\u00f1alar que \u00abtiene una profunda vocaci\u00f3n pol\u00edtica y entiende que desde el di\u00e1logo se construye\u00bb. &nbsp; &nbsp;En declaraciones radiales, Urtubey se mostr\u00f3 entusiasmado con la [&hellip;]<\/p>\n","protected":false},"author":2,"featured_media":15220,"comment_status":"open","ping_status":"open","sticky":false,"template":"","format":"standard","meta":{"footnotes":""},"categories":[43],"tags":[48],"class_list":["post-15219","post","type-post","status-publish","format-standard","has-post-thumbnail","hentry","category-politica","tag-destacada"],"_links":{"self":[{"href":"https:\/\/infoactual.com.ar\/index.php\/wp-json\/wp\/v2\/posts\/15219","targetHints":{"allow":["GET"]}}],"collection":[{"href":"https:\/\/infoactual.com.ar\/index.php\/wp-json\/wp\/v2\/posts"}],"about":[{"href":"https:\/\/infoactual.com.ar\/index.php\/wp-json\/wp\/v2\/types\/post"}],"author":[{"embeddable":true,"href":"https:\/\/infoactual.com.ar\/index.php\/wp-json\/wp\/v2\/users\/2"}],"replies":[{"embeddable":true,"href":"https:\/\/infoactual.com.ar\/index.php\/wp-json\/wp\/v2\/comments?post=15219"}],"version-history":[{"count":1,"href":"https:\/\/infoactual.com.ar\/index.php\/wp-json\/wp\/v2\/posts\/15219\/revisions"}],"predecessor-version":[{"id":15221,"href":"https:\/\/infoactual.com.ar\/index.php\/wp-json\/wp\/v2\/posts\/15219\/revisions\/15221"}],"wp:featuredmedia":[{"embeddable":true,"href":"https:\/\/infoactual.com.ar\/index.php\/wp-json\/wp\/v2\/media\/15220"}],"wp:attachment":[{"href":"https:\/\/infoactual.com.ar\/index.php\/wp-json\/wp\/v2\/media?parent=15219"}],"wp:term":[{"taxonomy":"category","embeddable":true,"href":"https:\/\/infoactual.com.ar\/index.php\/wp-json\/wp\/v2\/categories?post=15219"},{"taxonomy":"post_tag","embeddable":true,"href":"https:\/\/infoactual.com.ar\/index.php\/wp-json\/wp\/v2\/tags?post=15219"}],"curies":[{"name":"wp","href":"https:\/\/api.w.org\/{rel}","templated":true}]}}