{"id":1525,"date":"2021-04-29T00:01:52","date_gmt":"2021-04-29T00:01:52","guid":{"rendered":"http:\/\/infoactual.com.ar\/?p=1525"},"modified":"2021-04-29T00:01:53","modified_gmt":"2021-04-29T00:01:53","slug":"espinoza-y-los-contagios-por-covid-19-en-la-matanza-la-situacion-esta-contenida","status":"publish","type":"post","link":"https:\/\/infoactual.com.ar\/index.php\/2021\/04\/29\/espinoza-y-los-contagios-por-covid-19-en-la-matanza-la-situacion-esta-contenida\/","title":{"rendered":"ESPINOZA Y LOS CONTAGIOS POR COVID-19: \u00abEN LA MATANZA LA SITUACI\u00d3N EST\u00c1 CONTENIDA\u00bb"},"content":{"rendered":"\n<p><strong>El intendente de La Matanza, Fernando Espinoza, se reuni\u00f3 con los directores de los hospitales provinciales de su distrito, el equipo de salud municipal y con la vicegobernadora bonaerense, Ver\u00f3nica Magario, quien estuvo presente v\u00eda zoom, en la que analizaron la situaci\u00f3n epidemiol\u00f3gica actual y todos los indicadores del sistema de salud.<\/strong><\/p>\n\n\n\n<p>&nbsp; &nbsp;\u00abEstamos en un momento muy complicado en el que La Matanza, a trav\u00e9s del trabajo en conjunto de su gobierno local con el equipo del gobierno nacional y del gobierno provincial, est\u00e1 generando acciones para poder atender a todos los vecinos\u00bb, indic\u00f3 Espinoza.<\/p>\n\n\n\n<p>&nbsp;&nbsp; Adem\u00e1s, prosigui\u00f3: \u00abLa capacidad operativa del sistema de salud de La Matanza sigue siendo muy s\u00f3lida. Estamos con una ocupaci\u00f3n de camas del \u00e1mbito privado del 90% y una ocupaci\u00f3n del 70% en el sector p\u00fablico\u00bb.<\/p>\n\n\n\n<p>&nbsp;&nbsp; \u00abEn la reuni\u00f3n generamos m\u00faltiples acciones que vamos a llevar adelante para poder, entre todos, seguir haciendo que cada vecina y cada vecino de La Matanza pueda tener la atenci\u00f3n que se merece. Tambi\u00e9n para continuar siendo solidarios con otros distritos y con otras ciudades, como lo estamos haciendo hoy que estamos recibiendo en el sector privado, por ejemplo, a pacientes de la Capital Federal\u00bb, a\u00f1adi\u00f3.<\/p>\n\n\n\n<p>&nbsp;&nbsp; En cuanto a la cantidad de contagios con relaci\u00f3n al n\u00famero de habitantes, La Matanza se ubica en el puesto 38 entre los municipios de la provincia de Buenos Aires con 4.877,45 casos cada 100.000 habitantes, en una poblaci\u00f3n de 2.281.194 habitantes.<\/p>\n\n\n\n<p>&nbsp;&nbsp; \u00abLes pedimos a todas y todos los bonaerenses que sigan inscribi\u00e9ndose en www.vacunatepba.gba.gob.ar porque es la \u00fanica forma de poder vacunarse y avanzar con la campa\u00f1a de vacunaci\u00f3n m\u00e1s grande de la historia argentina. La Matanza sigue estando con una situaci\u00f3n contenida de la pandemia en el distrito\u00bb, concluy\u00f3 el jefe comunal.<\/p>\n","protected":false},"excerpt":{"rendered":"<p>El intendente de La Matanza, Fernando Espinoza, se reuni\u00f3 con los directores de los hospitales provinciales de su distrito, el equipo de salud municipal y con la vicegobernadora bonaerense, Ver\u00f3nica Magario, quien estuvo presente v\u00eda zoom, en la que analizaron la situaci\u00f3n epidemiol\u00f3gica actual y todos los indicadores del sistema de salud. &nbsp; &nbsp;\u00abEstamos en [&hellip;]<\/p>\n","protected":false},"author":2,"featured_media":1526,"comment_status":"open","ping_status":"open","sticky":false,"template":"","format":"standard","meta":{"footnotes":""},"categories":[45],"tags":[],"class_list":["post-1525","post","type-post","status-publish","format-standard","has-post-thumbnail","hentry","category-sociedad"],"_links":{"self":[{"href":"https:\/\/infoactual.com.ar\/index.php\/wp-json\/wp\/v2\/posts\/1525","targetHints":{"allow":["GET"]}}],"collection":[{"href":"https:\/\/infoactual.com.ar\/index.php\/wp-json\/wp\/v2\/posts"}],"about":[{"href":"https:\/\/infoactual.com.ar\/index.php\/wp-json\/wp\/v2\/types\/post"}],"author":[{"embeddable":true,"href":"https:\/\/infoactual.com.ar\/index.php\/wp-json\/wp\/v2\/users\/2"}],"replies":[{"embeddable":true,"href":"https:\/\/infoactual.com.ar\/index.php\/wp-json\/wp\/v2\/comments?post=1525"}],"version-history":[{"count":1,"href":"https:\/\/infoactual.com.ar\/index.php\/wp-json\/wp\/v2\/posts\/1525\/revisions"}],"predecessor-version":[{"id":1527,"href":"https:\/\/infoactual.com.ar\/index.php\/wp-json\/wp\/v2\/posts\/1525\/revisions\/1527"}],"wp:featuredmedia":[{"embeddable":true,"href":"https:\/\/infoactual.com.ar\/index.php\/wp-json\/wp\/v2\/media\/1526"}],"wp:attachment":[{"href":"https:\/\/infoactual.com.ar\/index.php\/wp-json\/wp\/v2\/media?parent=1525"}],"wp:term":[{"taxonomy":"category","embeddable":true,"href":"https:\/\/infoactual.com.ar\/index.php\/wp-json\/wp\/v2\/categories?post=1525"},{"taxonomy":"post_tag","embeddable":true,"href":"https:\/\/infoactual.com.ar\/index.php\/wp-json\/wp\/v2\/tags?post=1525"}],"curies":[{"name":"wp","href":"https:\/\/api.w.org\/{rel}","templated":true}]}}