{"id":1534,"date":"2021-04-29T00:14:37","date_gmt":"2021-04-29T00:14:37","guid":{"rendered":"http:\/\/infoactual.com.ar\/?p=1534"},"modified":"2021-04-29T00:14:38","modified_gmt":"2021-04-29T00:14:38","slug":"esteban-bullrich-revelo-que-tiene-ela-un-tipo-de-esclerosis-que-le-afecta-el-habla","status":"publish","type":"post","link":"https:\/\/infoactual.com.ar\/index.php\/2021\/04\/29\/esteban-bullrich-revelo-que-tiene-ela-un-tipo-de-esclerosis-que-le-afecta-el-habla\/","title":{"rendered":"ESTEBAN BULLRICH REVEL\u00d3 QUE TIENE ELA, UN TIPO DE ESCLEROSIS QUE LE AFECTA EL HABLA"},"content":{"rendered":"\n<p><strong>El senador nacional de Juntos por el Cambio Esteban Bullrich revel\u00f3 hoy que padece Esclerosis Lateral Amiotr\u00f3fica (ELA), una enfermedad que le \u00abprovoca par\u00e1lisis muscular\u00bb y eso le afecta el habla.<\/strong><\/p>\n\n\n\n<p>&nbsp; &nbsp;El legislador por Buenos Aires detall\u00f3 la situaci\u00f3n en un comunicado oficial del Senado, en el que cont\u00f3 que recientemente se enter\u00f3 de su diagn\u00f3stico, tras varios meses de estudios y consultas con especialistas.<\/p>\n\n\n\n<p>&nbsp;&nbsp; \u00abLa ELA es compleja, pero cuid\u00e1ndose y respetando los tratamientos se pueden atenuar los s\u00edntomas. Como cat\u00f3lico, creo que Dios nunca nos pone pruebas que no podemos superar. \u00c9l hace nuevas todas las cosas, conf\u00edo en \u00c9l\u00bb, expres\u00f3 Bullrich.<\/p>\n\n\n\n<p>&nbsp;&nbsp; Sostuvo, adem\u00e1s, que la enfermedad no le impide continuar con sus funciones en el Senado.<\/p>\n\n\n\n<p>&nbsp;&nbsp; \u00abTengo un compromiso asumido con los bonaerenses y con los argentinos que no se modifica por este diagn\u00f3stico. Hay mucho por hacer para construir la Argentina que queremos para nosotros y para nuestros hijos\u00bb, destac\u00f3 el senador del PRO.<\/p>\n\n\n\n<p>&nbsp;&nbsp; En el comunicado, afirm\u00f3: \u00abS\u00ed voy a sumar una prioridad m\u00e1s a mi vida. Desde hoy, parte de mi trabajo va a enfocarse en mejorar las condiciones de vida y la calidad de los diagn\u00f3sticos de las personas con ELA en Argentina. Es una enfermedad m\u00e1s frecuente de lo que se cree, pero sigue siendo dif\u00edcil de diagnosticar. Hay mucho para hacer y me comprometo a hacer mi aporte\u00bb.<\/p>\n\n\n\n<p>&nbsp;&nbsp; \u00abEsta enfermedad no me define. Vivo una vida feliz y maravillosa y este desaf\u00edo me pone frente a la necesidad de hacer m\u00e1s cosas y de hacerlas mejor. Tengo el apoyo inestimable de mi familia, mis amigos y mi equipo. Por ellos y para ellos, y apoyado en Dios, voy a afrontar este nuevo estado de cosas con la certeza de que todo pasa para algo. Voy a averiguarlo y hacerlo valer la pena\u00bb, se\u00f1al\u00f3 Bullrich.<\/p>\n\n\n\n<p>&nbsp;&nbsp; Y agreg\u00f3: \u00abAgradezco de nuevo todas las oraciones y muestras de cari\u00f1o a lo largo de estos meses. Tienen un valor enorme y dan fuerzas para seguir porque se que cuento con todos ustedes para esta nueva etapa de mi vida. Mi compromiso es encararla con la misma fuerza con las que enfrent\u00e9 todas las otras, que nunca fueron f\u00e1ciles. Vivir tambi\u00e9n se trata de darle para adelante\u00bb.<\/p>\n\n\n\n<p>&nbsp;&nbsp; La Esclerosis Lateral Amiotr\u00f3fica (ELA) es una enfermedad degenerativa de las neuronas en el cerebro, el tronco cerebral y la m\u00e9dula espinal que controlan el movimiento de los m\u00fasculos voluntarios.<\/p>\n\n\n\n<p>&nbsp;&nbsp; Avanza lentamente y debilita la movilidad del paciente, y no existe una cura, solo tratamientos para controlar los s\u00edntomas.<\/p>\n\n\n\n<p>&nbsp;&nbsp; El famoso f\u00edsico brit\u00e1nico Stephen Hawking, que falleci\u00f3 en 2018, padeci\u00f3 ELA.<\/p>\n\n\n\n<p>&nbsp;&nbsp; Tras la publicaci\u00f3n, el ex presidente Mauricio Macri respald\u00f3 al senador nacional: \u00abFuerza querido Esteban en este desaf\u00edo que te ha puesto la vida. S\u00e9 que sos un incansable luchador\u00bb.<br>.<br>Cristina Kirchner se puso a disposici\u00f3n.<br>.<br>La vicepresidenta Cristina Kirchner afirm\u00f3 que pondr\u00e1 el Senado a disposici\u00f3n del legislador, y remarc\u00f3 que \u00abla confrontaci\u00f3n pol\u00edtica\u00bb no debe \u00abdeshumanizar\u00bb.<\/p>\n\n\n\n<p>&nbsp;&nbsp; \u00abAcabo de leer la carta publicada por el Senador Nacional Esteban Bullrich. Estoy segura que su profunda y sincera fe en Dios le dar\u00e1 la fortaleza necesaria para afrontar esta dif\u00edcil situaci\u00f3n\u00bb, subray\u00f3 la presidenta del Senado.<\/p>\n\n\n\n<p>&nbsp;&nbsp; En su cuenta de la red social Twitter, Cristina Kirchner indic\u00f3: \u00abComo siempre, desde el Senado de la Naci\u00f3n ponemos a disposici\u00f3n todo lo que sea necesario para el ejercicio de su funci\u00f3n\u00bb.<\/p>\n\n\n\n<p>&nbsp;&nbsp; \u00abEn memoria de H\u00e9ctor Timerman creo firmemente que la confrontaci\u00f3n pol\u00edtica no puede ni debe deshumanizarnos\u00bb, resalt\u00f3 la vicepresidenta. .<\/p>\n\n\n\n<p>&nbsp;&nbsp; Al recordar a su fallecido ex canciller, Cristina Kirchner lanz\u00f3 una cr\u00edtica solapada a Juntos por el Cambio, ya que sectores del oficialismo apuntan al trato que recibi\u00f3 Timerman cuando estaba acusado en causas judiciales y se le pusieron trabas para viajar a Estados Unidos para realizar un tratamiento m\u00e9dico.<\/p>\n","protected":false},"excerpt":{"rendered":"<p>El senador nacional de Juntos por el Cambio Esteban Bullrich revel\u00f3 hoy que padece Esclerosis Lateral Amiotr\u00f3fica (ELA), una enfermedad que le \u00abprovoca par\u00e1lisis muscular\u00bb y eso le afecta el habla. &nbsp; &nbsp;El legislador por Buenos Aires detall\u00f3 la situaci\u00f3n en un comunicado oficial del Senado, en el que cont\u00f3 que recientemente se enter\u00f3 de [&hellip;]<\/p>\n","protected":false},"author":2,"featured_media":1535,"comment_status":"open","ping_status":"open","sticky":false,"template":"","format":"standard","meta":{"footnotes":""},"categories":[43],"tags":[],"class_list":["post-1534","post","type-post","status-publish","format-standard","has-post-thumbnail","hentry","category-politica"],"_links":{"self":[{"href":"https:\/\/infoactual.com.ar\/index.php\/wp-json\/wp\/v2\/posts\/1534","targetHints":{"allow":["GET"]}}],"collection":[{"href":"https:\/\/infoactual.com.ar\/index.php\/wp-json\/wp\/v2\/posts"}],"about":[{"href":"https:\/\/infoactual.com.ar\/index.php\/wp-json\/wp\/v2\/types\/post"}],"author":[{"embeddable":true,"href":"https:\/\/infoactual.com.ar\/index.php\/wp-json\/wp\/v2\/users\/2"}],"replies":[{"embeddable":true,"href":"https:\/\/infoactual.com.ar\/index.php\/wp-json\/wp\/v2\/comments?post=1534"}],"version-history":[{"count":1,"href":"https:\/\/infoactual.com.ar\/index.php\/wp-json\/wp\/v2\/posts\/1534\/revisions"}],"predecessor-version":[{"id":1536,"href":"https:\/\/infoactual.com.ar\/index.php\/wp-json\/wp\/v2\/posts\/1534\/revisions\/1536"}],"wp:featuredmedia":[{"embeddable":true,"href":"https:\/\/infoactual.com.ar\/index.php\/wp-json\/wp\/v2\/media\/1535"}],"wp:attachment":[{"href":"https:\/\/infoactual.com.ar\/index.php\/wp-json\/wp\/v2\/media?parent=1534"}],"wp:term":[{"taxonomy":"category","embeddable":true,"href":"https:\/\/infoactual.com.ar\/index.php\/wp-json\/wp\/v2\/categories?post=1534"},{"taxonomy":"post_tag","embeddable":true,"href":"https:\/\/infoactual.com.ar\/index.php\/wp-json\/wp\/v2\/tags?post=1534"}],"curies":[{"name":"wp","href":"https:\/\/api.w.org\/{rel}","templated":true}]}}