{"id":1540,"date":"2021-04-29T00:24:40","date_gmt":"2021-04-29T00:24:40","guid":{"rendered":"http:\/\/infoactual.com.ar\/?p=1540"},"modified":"2021-04-29T00:24:41","modified_gmt":"2021-04-29T00:24:41","slug":"ya-detectaron-a-338-mil-chicos-que-no-percibian-la-asignacion-por-hijo-seis-de-cada-diez-son-pobres","status":"publish","type":"post","link":"https:\/\/infoactual.com.ar\/index.php\/2021\/04\/29\/ya-detectaron-a-338-mil-chicos-que-no-percibian-la-asignacion-por-hijo-seis-de-cada-diez-son-pobres\/","title":{"rendered":"YA DETECTARON A 338 MIL CHICOS QUE NO PERCIB\u00cdAN LA ASIGNACI\u00d3N POR HIJO: SEIS DE CADA DIEZ SON POBRES"},"content":{"rendered":"\n<p><strong>El Gobierno detect\u00f3 a unos 338 mil chicos que no percib\u00edan la Asignaci\u00f3n Universal por Hijo (AUH), mientras en el pa\u00eds seis de cada diez menores de 18 a\u00f1os son pobres, inform\u00f3 hoy la ANSES.<\/strong><\/p>\n\n\n\n<p>&nbsp; &nbsp;Con el fin de incluir y brindar ayuda a los m\u00e1s vulnerables, la directora de la ANSES, Fernanda Raverta, y el secretario de la Ni\u00f1ez, Adolescencia y Familia, Gabriel Lerner, firmaron un convenio de colaboraci\u00f3n con el objetivo de desarrollar acciones conjuntas para la protecci\u00f3n integral de los derechos de ni\u00f1os y adolescentes.<\/p>\n\n\n\n<p>&nbsp; &nbsp;Durante la presentaci\u00f3n, Raverta record\u00f3 que \u00aben la Argentina 6 de cada 10 chicos son pobres\u00bb.<\/p>\n\n\n\n<p>&nbsp;&nbsp; \u00abYa encontramos m\u00e1s de 338 mil chicas y chicos que no cobraban la AUH. Esto es debido a que cambiamos las normativas para incluirlos. Nuestro objetivo es encontrar a cada ni\u00f1o y cada ni\u00f1a que le corresponde el beneficio y que a\u00fan no lo recibe. A trav\u00e9s de este convenio vamos a poner la inteligencia del Estado para garantizarles sus derechos\u00bb, destac\u00f3.<\/p>\n\n\n\n<p>&nbsp;&nbsp; Por su parte, Lerner dijo que el decreto 840 permite \u00abir a buscar a los ni\u00f1os y ni\u00f1as para ampliar la inclusi\u00f3n. Con la ANSES venimos trabajando para que aquellos j\u00f3venes que no viven con sus progenitores puedan recibir la AUH a trav\u00e9s de quienes los tienen a su cargo\u00bb.<\/p>\n\n\n\n<p>&nbsp;&nbsp; \u00abTenemos un desaf\u00edo: existen alrededor de 10 mil menores sin cuidados parentales. Las leyes estaban, pero no hubo decisi\u00f3n del Gobierno anterior para incluirlos\u00bb, indic\u00f3.<\/p>\n\n\n\n<p>&nbsp;&nbsp; En la Argentina viven cerca de 13 millones de ni\u00f1as, ni\u00f1os y adolescentes, de los cuales 9 millones tienen menos de 12 a\u00f1os y m\u00e1s de 3,5 millones entre 13 a 17 a\u00f1os.<\/p>\n\n\n\n<p>&nbsp;&nbsp; Del total, alrededor de 9 millones se encuentran alcanzados por distintas prestaciones que posee el Estado Nacional, en medio de un nivel de pobreza que afecta al 42% de la poblaci\u00f3n.<\/p>\n","protected":false},"excerpt":{"rendered":"<p>El Gobierno detect\u00f3 a unos 338 mil chicos que no percib\u00edan la Asignaci\u00f3n Universal por Hijo (AUH), mientras en el pa\u00eds seis de cada diez menores de 18 a\u00f1os son pobres, inform\u00f3 hoy la ANSES. &nbsp; &nbsp;Con el fin de incluir y brindar ayuda a los m\u00e1s vulnerables, la directora de la ANSES, Fernanda Raverta, [&hellip;]<\/p>\n","protected":false},"author":2,"featured_media":1541,"comment_status":"open","ping_status":"open","sticky":false,"template":"","format":"standard","meta":{"footnotes":""},"categories":[44],"tags":[48],"class_list":["post-1540","post","type-post","status-publish","format-standard","has-post-thumbnail","hentry","category-economia","tag-destacada"],"_links":{"self":[{"href":"https:\/\/infoactual.com.ar\/index.php\/wp-json\/wp\/v2\/posts\/1540","targetHints":{"allow":["GET"]}}],"collection":[{"href":"https:\/\/infoactual.com.ar\/index.php\/wp-json\/wp\/v2\/posts"}],"about":[{"href":"https:\/\/infoactual.com.ar\/index.php\/wp-json\/wp\/v2\/types\/post"}],"author":[{"embeddable":true,"href":"https:\/\/infoactual.com.ar\/index.php\/wp-json\/wp\/v2\/users\/2"}],"replies":[{"embeddable":true,"href":"https:\/\/infoactual.com.ar\/index.php\/wp-json\/wp\/v2\/comments?post=1540"}],"version-history":[{"count":1,"href":"https:\/\/infoactual.com.ar\/index.php\/wp-json\/wp\/v2\/posts\/1540\/revisions"}],"predecessor-version":[{"id":1542,"href":"https:\/\/infoactual.com.ar\/index.php\/wp-json\/wp\/v2\/posts\/1540\/revisions\/1542"}],"wp:featuredmedia":[{"embeddable":true,"href":"https:\/\/infoactual.com.ar\/index.php\/wp-json\/wp\/v2\/media\/1541"}],"wp:attachment":[{"href":"https:\/\/infoactual.com.ar\/index.php\/wp-json\/wp\/v2\/media?parent=1540"}],"wp:term":[{"taxonomy":"category","embeddable":true,"href":"https:\/\/infoactual.com.ar\/index.php\/wp-json\/wp\/v2\/categories?post=1540"},{"taxonomy":"post_tag","embeddable":true,"href":"https:\/\/infoactual.com.ar\/index.php\/wp-json\/wp\/v2\/tags?post=1540"}],"curies":[{"name":"wp","href":"https:\/\/api.w.org\/{rel}","templated":true}]}}