{"id":17401,"date":"2022-07-21T10:17:15","date_gmt":"2022-07-21T13:17:15","guid":{"rendered":"http:\/\/infoactual.com.ar\/?p=17401"},"modified":"2022-07-21T10:17:16","modified_gmt":"2022-07-21T13:17:16","slug":"protegen-peliculas-de-leonardo-favio-que-quedaron-en-medio-de-una-disputa-judicial","status":"publish","type":"post","link":"https:\/\/infoactual.com.ar\/index.php\/2022\/07\/21\/protegen-peliculas-de-leonardo-favio-que-quedaron-en-medio-de-una-disputa-judicial\/","title":{"rendered":"PROTEGEN PEL\u00cdCULAS DE LEONARDO FAVIO QUE QUEDARON EN MEDIO DE UNA DISPUTA JUDICIAL"},"content":{"rendered":"\n<p><strong>Cinco pel\u00edculas del cineasta Leonardo Favio, incluidas joyas del s\u00e9ptimo arte como \u00abGatica\u00bb y \u00abCr\u00f3nica de un ni\u00f1o solo\u00bb, fueron declaradas Bienes de Inter\u00e9s Art\u00edstico Nacional para protegerlas en medio de una disputa judicial.<\/strong><\/p>\n\n\n\n<p>&nbsp; &nbsp;Las obras f\u00edlmicas en cuesti\u00f3n ser\u00e1n sometidas a subasta judicial en el marco de la quiebra declarada de la empresa Negocios Cinematogr\u00e1ficos S.A., que tramita ante el Juzgado Nacional de Primera Instancia en lo Comercial N\u00b0 23.<\/p>\n\n\n\n<p>&nbsp;&nbsp; Se trata de las pel\u00edculas \u00abCr\u00f3nica de un ni\u00f1o solo\u00bb, de 1965; \u00abEl Dependiente\u00bb, de 1969; \u00abNazareno Cruz y el Lobo\u00bb, de 1975; \u00abSo\u00f1ar So\u00f1ar\u00bb, de 1976; y \u00abGatica\u00bb, de 1993.<\/p>\n\n\n\n<p>&nbsp;&nbsp; A trav\u00e9s del Decreto 423\/2022, publicado este jueves en el Bolet\u00edn Oficial, el presidente Alberto Fern\u00e1ndez declar\u00f3 Bienes de Inter\u00e9s Art\u00edstico Nacional a los soportes materiales negativos, positivos y correspondientes negativos de sonido de estas pel\u00edculas, que actualmente se encuentran en dep\u00f3sito judicial en el Banco Ciudad.<\/p>\n\n\n\n<p>&nbsp;&nbsp; \u00abLa conservaci\u00f3n del soporte material de estos bienes reviste un especial inter\u00e9s para la Rep\u00fablica Argentina como testimonio de la producci\u00f3n cinematogr\u00e1fica nacional y, en particular, del reconocido director Leonardo Favio\u00bb, se\u00f1al\u00f3 el jefe de Estado.<\/p>\n\n\n\n<p>&nbsp;&nbsp; La declaratoria hab\u00eda sido propuesta por la Comisi\u00f3n Nacional de Monumentos, de Lugares y de Bienes Hist\u00f3ricos durante una reuni\u00f3n del organismo del Ministerio de Cultura en mayo pasado.<\/p>\n\n\n\n<p>&nbsp;&nbsp; Asimismo, para fundamentar la decisi\u00f3n, el Gobierno record\u00f3 que en la Conferencia General de la Unesco de 1980 se estableci\u00f3 la Recomendaci\u00f3n sobre la salvaguarda y la conservaci\u00f3n de las im\u00e1genes en movimiento, a las que se consider\u00f3 como \u00abuna expresi\u00f3n de la personalidad cultural de los pueblos y que, debido a su valor educativo, cultural, art\u00edstico, cient\u00edfico e hist\u00f3rico, forman parte integrante del patrimonio cultural de una naci\u00f3n\u00bb.<\/p>\n\n\n\n<p>&nbsp;&nbsp; \u00abEs necesario que cada Estado tome medidas complementarias adecuadas encaminadas a garantizar la salvaguardia y la conservaci\u00f3n para la posteridad de esa parte especialmente fr\u00e1gil de su patrimonio cultural, del mismo modo que se salvaguardan y conservan otras formas de bienes culturales como fuente de enriquecimiento para las generaciones presentes y futuras\u00bb, se\u00f1al\u00f3 el organismo de las Naciones Unidas en aquella ocasi\u00f3n.<\/p>\n\n\n\n<p>&nbsp;&nbsp; Leonardo Favio, fallecido en 2012, fue un destacado director que tuvo a su cargo obras importantes de la cinematograf\u00eda argentina como las que se protegen con este decreto, as\u00ed tambi\u00e9n otras como \u00abPer\u00f3n, sinfon\u00eda del sentimiento\u00bb, \u00abJuan Moreira\u00bb y \u00abEl romance del Aniceto y la Francisca\u00bb.<\/p>\n","protected":false},"excerpt":{"rendered":"<p>Cinco pel\u00edculas del cineasta Leonardo Favio, incluidas joyas del s\u00e9ptimo arte como \u00abGatica\u00bb y \u00abCr\u00f3nica de un ni\u00f1o solo\u00bb, fueron declaradas Bienes de Inter\u00e9s Art\u00edstico Nacional para protegerlas en medio de una disputa judicial. &nbsp; &nbsp;Las obras f\u00edlmicas en cuesti\u00f3n ser\u00e1n sometidas a subasta judicial en el marco de la quiebra declarada de la empresa [&hellip;]<\/p>\n","protected":false},"author":2,"featured_media":17402,"comment_status":"open","ping_status":"open","sticky":false,"template":"","format":"standard","meta":{"footnotes":""},"categories":[45],"tags":[],"class_list":["post-17401","post","type-post","status-publish","format-standard","has-post-thumbnail","hentry","category-sociedad"],"_links":{"self":[{"href":"https:\/\/infoactual.com.ar\/index.php\/wp-json\/wp\/v2\/posts\/17401","targetHints":{"allow":["GET"]}}],"collection":[{"href":"https:\/\/infoactual.com.ar\/index.php\/wp-json\/wp\/v2\/posts"}],"about":[{"href":"https:\/\/infoactual.com.ar\/index.php\/wp-json\/wp\/v2\/types\/post"}],"author":[{"embeddable":true,"href":"https:\/\/infoactual.com.ar\/index.php\/wp-json\/wp\/v2\/users\/2"}],"replies":[{"embeddable":true,"href":"https:\/\/infoactual.com.ar\/index.php\/wp-json\/wp\/v2\/comments?post=17401"}],"version-history":[{"count":1,"href":"https:\/\/infoactual.com.ar\/index.php\/wp-json\/wp\/v2\/posts\/17401\/revisions"}],"predecessor-version":[{"id":17403,"href":"https:\/\/infoactual.com.ar\/index.php\/wp-json\/wp\/v2\/posts\/17401\/revisions\/17403"}],"wp:featuredmedia":[{"embeddable":true,"href":"https:\/\/infoactual.com.ar\/index.php\/wp-json\/wp\/v2\/media\/17402"}],"wp:attachment":[{"href":"https:\/\/infoactual.com.ar\/index.php\/wp-json\/wp\/v2\/media?parent=17401"}],"wp:term":[{"taxonomy":"category","embeddable":true,"href":"https:\/\/infoactual.com.ar\/index.php\/wp-json\/wp\/v2\/categories?post=17401"},{"taxonomy":"post_tag","embeddable":true,"href":"https:\/\/infoactual.com.ar\/index.php\/wp-json\/wp\/v2\/tags?post=17401"}],"curies":[{"name":"wp","href":"https:\/\/api.w.org\/{rel}","templated":true}]}}