{"id":18251,"date":"2022-08-15T15:17:00","date_gmt":"2022-08-15T18:17:00","guid":{"rendered":"http:\/\/infoactual.com.ar\/?p=18251"},"modified":"2022-08-15T15:17:01","modified_gmt":"2022-08-15T18:17:01","slug":"tombolini-aspira-a-que-la-inflacion-empiece-a-desacelerar","status":"publish","type":"post","link":"https:\/\/infoactual.com.ar\/index.php\/2022\/08\/15\/tombolini-aspira-a-que-la-inflacion-empiece-a-desacelerar\/","title":{"rendered":"TOMBOLINI ASPIRA A QUE LA INFLACI\u00d3N \u00abEMPIECE A DESACELERAR\u00bb"},"content":{"rendered":"\n<p><strong>A d\u00edas de su designaci\u00f3n como secretario de Comercio, Mat\u00edas Tombolini reiter\u00f3 que trabaja en el relanzamiento del programa Precios Cuidados para los pr\u00f3ximos 45 d\u00edas, y cont\u00f3 que intenta recuperar el indicador de referencia para ordenar la econom\u00eda familiar, en una r\u00e9plica de la versi\u00f3n original de Augusto Costa.<\/strong><\/p>\n\n\n\n<p>&nbsp; &nbsp;El funcionario de Sergio Massa sostuvo tambi\u00e9n que no cree en los congelamientos y ni en las medidas \u00abpersecutorias\u00bb ni \u00abpunitivistas\u00bb en referencia al mecanismo para garantizar cumplimiento de los acuerdos con los supermercadistas.<\/p>\n\n\n\n<p>&nbsp;&nbsp; \u00abVamos a trabajar en un relanzamiento de Precios Cuidados, e intentaremos en la pr\u00f3xima versi\u00f3n con una variedad de productos que est\u00e9n centradas en las principales marcas con garant\u00edas de volumen utilizando mucha tecnolog\u00eda\u00bb, indic\u00f3 en declaraciones al programa \u00abHabl\u00e1 por Vos\u00bb, que conduce Claudio Albarenque por radio AM La990 Splendid.<\/p>\n\n\n\n<p>&nbsp;&nbsp; Adem\u00e1s, a\u00f1adi\u00f3: \u00abHoy las app de tecnolog\u00eda celular son una gran herramienta que permiten administrar el presupuesto familiar. No la persona con la pechera que te pone la faja de clausura. Es m\u00e1s disuasivo una foto en redes sociales que no cumplan\u00bb.<\/p>\n\n\n\n<p>&nbsp;&nbsp; Asimismo, sostuvo que \u00ablo que hay que hacer es trabajar sobre los incentivos\u00bb, y remarc\u00f3 que \u00ablo que m\u00e1s duele no es la multa sino que le toquen el bolsillo\u00bb.<\/p>\n\n\n\n<p>&nbsp;&nbsp; \u00abCreo que lo que hay que hacer es revisar los aumentos para desplegar estrategias para que se retrotraigan o que el aumento promedio para los pr\u00f3ximos casos no sea valido. Si el aumento es meramente especulativo habr\u00e1 que ver si tiene suficiente stock en materia de aumentos importados\u00bb, precis\u00f3.&nbsp;.<\/p>\n\n\n\n<p>&nbsp;&nbsp; Asimismo, el ex vicepresidente del Banco Naci\u00f3n habl\u00f3 de la inflaci\u00f3n de julio, que alcanz\u00f3 un 7.4 por ciento, y prometi\u00f3 un descenso para el mes de septiembre, aunque descart\u00f3&nbsp;medidas de shock.&nbsp;.<\/p>\n\n\n\n<p>&nbsp;&nbsp; \u00abLa inflaci\u00f3n no la resuelve la secretaria de Comercio, es de causas m\u00faltiples y el abordaje se hace desde lo macro, cumpliendo la pauta fiscal, tratando de que no se dispare los gastos respecto de los ingresos, bajando el nivel de emisi\u00f3n monetaria para financiar el d\u00e9ficit, financiando las reservas, mejorando el super\u00e1vit de comercio que buscan que se desacelere la din\u00e1mica general de los precios. A mi me toca la micro de ese plan que tiene varios aspectos, el primero es cuidar los d\u00f3lares\u00bb, describi\u00f3.<\/p>\n\n\n\n<p>&nbsp;&nbsp; En la misma l\u00ednea, evit\u00f3 vaticinar escenarios en la materia al indicar que los resultados se ver\u00e1n \u00abconforme al efecto de las medidas anunciadas\u00bb, y asegur\u00f3 que \u00abno hay soluciones m\u00e1gicas\u00bb para hacer frente al espiral de aumentos.<\/p>\n\n\n\n<p>&nbsp;&nbsp; \u00abPretendemos no hacer pron\u00f3sticos porque no es nuestra funci\u00f3n, pero creo que debemos entender que no hay ninguna soluci\u00f3n m\u00e1gica.<\/p>\n\n\n\n<p>&nbsp;&nbsp;No hay un superministro sino una hoja de ruta y los resultados se van a ver conforme las medidas vayan tomando efecto.&nbsp;Aspiramos que la inflaci\u00f3n no siga subiendo, y que empiece a desacelerar. Shock no hay porque no tenemos los amortiguadores para el impacto social que eso implicar\u00eda\u00bb, expres\u00f3.<\/p>\n\n\n\n<p>&nbsp;&nbsp; Por \u00faltimo, Tombolini cruz\u00f3 al ex presidente Mauricio Macri por prometer soluciones inmediatas, y destac\u00f3 la capacidad de producci\u00f3n de sector agroexportador al tiempo que revel\u00f3 estar trabajando para \u00abcrear condiciones para que la liquidaci\u00f3n adquiera la velocidad que deber\u00eda tener\u00bb respecto a la altura del a\u00f1o.<\/p>\n\n\n\n<p>&nbsp;&nbsp; \u00abLos resultados inmediatos no existen, y quienes los prometen te est\u00e1n macaneando. Por eso (Macri) debe hacerse cargo y por eso la sociedad eligi\u00f3 no darle la confianza en 2019\u00bb, concluy\u00f3 en alusi\u00f3n al ex mandatario.<\/p>\n","protected":false},"excerpt":{"rendered":"<p>A d\u00edas de su designaci\u00f3n como secretario de Comercio, Mat\u00edas Tombolini reiter\u00f3 que trabaja en el relanzamiento del programa Precios Cuidados para los pr\u00f3ximos 45 d\u00edas, y cont\u00f3 que intenta recuperar el indicador de referencia para ordenar la econom\u00eda familiar, en una r\u00e9plica de la versi\u00f3n original de Augusto Costa. &nbsp; &nbsp;El funcionario de Sergio [&hellip;]<\/p>\n","protected":false},"author":2,"featured_media":18252,"comment_status":"open","ping_status":"open","sticky":false,"template":"","format":"standard","meta":{"footnotes":""},"categories":[44],"tags":[],"class_list":["post-18251","post","type-post","status-publish","format-standard","has-post-thumbnail","hentry","category-economia"],"_links":{"self":[{"href":"https:\/\/infoactual.com.ar\/index.php\/wp-json\/wp\/v2\/posts\/18251","targetHints":{"allow":["GET"]}}],"collection":[{"href":"https:\/\/infoactual.com.ar\/index.php\/wp-json\/wp\/v2\/posts"}],"about":[{"href":"https:\/\/infoactual.com.ar\/index.php\/wp-json\/wp\/v2\/types\/post"}],"author":[{"embeddable":true,"href":"https:\/\/infoactual.com.ar\/index.php\/wp-json\/wp\/v2\/users\/2"}],"replies":[{"embeddable":true,"href":"https:\/\/infoactual.com.ar\/index.php\/wp-json\/wp\/v2\/comments?post=18251"}],"version-history":[{"count":1,"href":"https:\/\/infoactual.com.ar\/index.php\/wp-json\/wp\/v2\/posts\/18251\/revisions"}],"predecessor-version":[{"id":18253,"href":"https:\/\/infoactual.com.ar\/index.php\/wp-json\/wp\/v2\/posts\/18251\/revisions\/18253"}],"wp:featuredmedia":[{"embeddable":true,"href":"https:\/\/infoactual.com.ar\/index.php\/wp-json\/wp\/v2\/media\/18252"}],"wp:attachment":[{"href":"https:\/\/infoactual.com.ar\/index.php\/wp-json\/wp\/v2\/media?parent=18251"}],"wp:term":[{"taxonomy":"category","embeddable":true,"href":"https:\/\/infoactual.com.ar\/index.php\/wp-json\/wp\/v2\/categories?post=18251"},{"taxonomy":"post_tag","embeddable":true,"href":"https:\/\/infoactual.com.ar\/index.php\/wp-json\/wp\/v2\/tags?post=18251"}],"curies":[{"name":"wp","href":"https:\/\/api.w.org\/{rel}","templated":true}]}}