{"id":18477,"date":"2022-08-21T11:59:00","date_gmt":"2022-08-21T14:59:00","guid":{"rendered":"http:\/\/infoactual.com.ar\/?p=18477"},"modified":"2022-08-20T12:02:29","modified_gmt":"2022-08-20T15:02:29","slug":"tragedia-en-cordoba-una-adolescente-se-descompenso-y-murio-durante-una-excursion-al-cerro-champaqui","status":"publish","type":"post","link":"https:\/\/infoactual.com.ar\/index.php\/2022\/08\/21\/tragedia-en-cordoba-una-adolescente-se-descompenso-y-murio-durante-una-excursion-al-cerro-champaqui\/","title":{"rendered":"TRAGEDIA EN C\u00d3RDOBA: UNA ADOLESCENTE SE DESCOMPENS\u00d3 Y MURI\u00d3 DURANTE UNA EXCURSI\u00d3N AL CERRO CHAMPAQU\u00cd"},"content":{"rendered":"\n<p><strong>Una adolescente de 17 a\u00f1os y oriunda de la ciudad de Rosario, muri\u00f3 despu\u00e9s de descompensarse durante una excursi\u00f3n que realizaba en el cerro Champaqu\u00ed, en la provincia de C\u00f3rdoba.<\/strong><\/p>\n\n\n\n<p>&nbsp; &nbsp;El cuerpo de la chica fue rescatado por un grupo especial de salvamento que se moviliz\u00f3 hacia la zona en la que ella y otros chicos de la Escuela 1334 \u00abMar\u00eda Madre de la Civilizaci\u00f3n del Amor\u00bb, de Rosario, realizaban la excursi\u00f3n.<\/p>\n\n\n\n<p>&nbsp;&nbsp; Se trataba de un contingente de estudiantes del que tambi\u00e9n se vio afectado otro menor, quien tuvo que ser trasladado por Bomberos y baqueanos, porque ten\u00eda molestias y un cuadro febril.<\/p>\n\n\n\n<p>&nbsp;&nbsp; Por el momento, se desconocen las causas que desencadenaron el deceso de la adolescente y la investigaci\u00f3n del caso est\u00e1 en manos del fiscal Alejandro Carballo.<\/p>\n\n\n\n<p>&nbsp;&nbsp; En tanto, bomberos y personal de Defensa Civil de C\u00f3rdoba rescataron esta ma\u00f1ana a todos los estudiantes rosarinos que hab\u00edan pasado la noche en el cerro Champaqu\u00ed, luego que una adolescente sufriera una descomposici\u00f3n que deriv\u00f3 en su deceso.<\/p>\n\n\n\n<p>&nbsp;&nbsp; El rescate de unas 80 personas, que hab\u00eda comenzado cerca de las 8, fue completado con helic\u00f3pteros cerca de las 13, con el traslado desde el Puesto Escalante a Athos Pampa.<\/p>\n\n\n\n<p>&nbsp;&nbsp; La operaci\u00f3n estuvo a cargo de la Departamento de Unidades de Alto Riesgo (DUAR) de la Polic\u00eda C\u00f3rdoba, y se hizo bajos condiciones de temperaturas muy fr\u00edas y viento.<\/p>\n\n\n\n<p>&nbsp;&nbsp; Seg\u00fan se inform\u00f3, cuatro estudiantes debieron ser llevados a hospitales, dos de ellos por dolores estomacales y otros dos por sufrir esguinces en tobillos, entre ellos una joven que fue trasladada al Hospital de Santa Rosa de Calamuchita.<\/p>\n\n\n\n<p>&nbsp;&nbsp; En el rescate de emple\u00f3 dos helic\u00f3pteros que trasladaban a los estudiantes que se encontraban en buen estado a Athos Pampa, mientras que el resto a centros asistenciales de la regi\u00f3n.<\/p>\n\n\n\n<p>&nbsp;&nbsp; Natalia, una t\u00eda de la adolescente, confirm\u00f3 que su sobrina muri\u00f3 de un paro card\u00edaco y descart\u00f3 que tuviera problemas en el coraz\u00f3n.<\/p>\n\n\n\n<p>&nbsp;&nbsp; \u00abLos chicos no est\u00e1n intoxicados, bajan en helic\u00f3ptero y se van a Rosario\u00bb, coment\u00f3 ante la prensa la mujer y agreg\u00f3: \u00abMuchas noticias no hay. Ya viaj\u00f3 el padre. Ac\u00e1 a la mam\u00e1 le tuvimos que dar la terrible noticia, ella sufre del coraz\u00f3n\u00bb.<\/p>\n\n\n\n<p>&nbsp;&nbsp; \u00abTodos estamos muy mal. Dicen que fue un paro cardiaco. Ella se estaba haciendo tratamiento de tiroides, pero del coraz\u00f3n no.&nbsp;&nbsp; Estamos todos shockeados y sorprendidos\u00bb, dijo. .<\/p>\n\n\n\n<p>&nbsp;&nbsp; La chica se hab\u00eda comunicado con su familia antes de su deceso y hab\u00eda se\u00f1alado que se sent\u00eda muy mal, mientras hab\u00eda vomitado en reiteradas oportunidades.<\/p>\n\n\n\n<p>&nbsp;&nbsp; Familiares de la joven se\u00f1alaron a la prensa que la joven ten\u00eda problemas de tiroides y que su m\u00e9dico la hab\u00eda autorizado a hacer el viaje.<\/p>\n","protected":false},"excerpt":{"rendered":"<p>Una adolescente de 17 a\u00f1os y oriunda de la ciudad de Rosario, muri\u00f3 despu\u00e9s de descompensarse durante una excursi\u00f3n que realizaba en el cerro Champaqu\u00ed, en la provincia de C\u00f3rdoba. &nbsp; &nbsp;El cuerpo de la chica fue rescatado por un grupo especial de salvamento que se moviliz\u00f3 hacia la zona en la que ella y [&hellip;]<\/p>\n","protected":false},"author":2,"featured_media":18478,"comment_status":"open","ping_status":"open","sticky":false,"template":"","format":"standard","meta":{"footnotes":""},"categories":[45],"tags":[],"class_list":["post-18477","post","type-post","status-publish","format-standard","has-post-thumbnail","hentry","category-sociedad"],"_links":{"self":[{"href":"https:\/\/infoactual.com.ar\/index.php\/wp-json\/wp\/v2\/posts\/18477","targetHints":{"allow":["GET"]}}],"collection":[{"href":"https:\/\/infoactual.com.ar\/index.php\/wp-json\/wp\/v2\/posts"}],"about":[{"href":"https:\/\/infoactual.com.ar\/index.php\/wp-json\/wp\/v2\/types\/post"}],"author":[{"embeddable":true,"href":"https:\/\/infoactual.com.ar\/index.php\/wp-json\/wp\/v2\/users\/2"}],"replies":[{"embeddable":true,"href":"https:\/\/infoactual.com.ar\/index.php\/wp-json\/wp\/v2\/comments?post=18477"}],"version-history":[{"count":1,"href":"https:\/\/infoactual.com.ar\/index.php\/wp-json\/wp\/v2\/posts\/18477\/revisions"}],"predecessor-version":[{"id":18479,"href":"https:\/\/infoactual.com.ar\/index.php\/wp-json\/wp\/v2\/posts\/18477\/revisions\/18479"}],"wp:featuredmedia":[{"embeddable":true,"href":"https:\/\/infoactual.com.ar\/index.php\/wp-json\/wp\/v2\/media\/18478"}],"wp:attachment":[{"href":"https:\/\/infoactual.com.ar\/index.php\/wp-json\/wp\/v2\/media?parent=18477"}],"wp:term":[{"taxonomy":"category","embeddable":true,"href":"https:\/\/infoactual.com.ar\/index.php\/wp-json\/wp\/v2\/categories?post=18477"},{"taxonomy":"post_tag","embeddable":true,"href":"https:\/\/infoactual.com.ar\/index.php\/wp-json\/wp\/v2\/tags?post=18477"}],"curies":[{"name":"wp","href":"https:\/\/api.w.org\/{rel}","templated":true}]}}