{"id":1962,"date":"2021-05-11T21:00:09","date_gmt":"2021-05-11T21:00:09","guid":{"rendered":"http:\/\/infoactual.com.ar\/?p=1962"},"modified":"2021-05-11T21:00:11","modified_gmt":"2021-05-11T21:00:11","slug":"choferes-de-micros-cortan-la-9-de-julio-y-se-suman-a-la-protesta-de-colectiveros-en-liniers-y-puente-pueyrredon","status":"publish","type":"post","link":"https:\/\/infoactual.com.ar\/index.php\/2021\/05\/11\/choferes-de-micros-cortan-la-9-de-julio-y-se-suman-a-la-protesta-de-colectiveros-en-liniers-y-puente-pueyrredon\/","title":{"rendered":"CHOFERES DE MICROS CORTAN LA 9 DE JULIO Y SE SUMAN A LA PROTESTA DE COLECTIVEROS EN LINIERS Y PUENTE PUEYRRED\u00d3N"},"content":{"rendered":"\n<p><strong>Choferes de micros y transportistas que brindan servicios para empresas de turismo manten\u00edan hoy cortada la avenida 9 de Julio para reclamar que se les permita retomar su actividad mientras que un sector del gremio de colectiveros hizo lo propio en Liniers y el Puente Pueyrred\u00f3n, en reclamo de aumento salarial y vacunas.<\/strong><\/p>\n\n\n\n<p>&nbsp; Desde el mediod\u00eda, los choferes y due\u00f1os de micros de larga distancia que trabajan con el turismo interno y viajes de compras estacionaron varias unidades en la principal arteria de la Ciudad de Buenos Aires, a la altura de la avenida San Juan para protestar contra las restricciones sobre la actividad tur\u00edstica en el marco de la pandemia.<\/p>\n\n\n\n<p>&nbsp;&nbsp; En tanto, colectiveros de grupos disidentes a la conducci\u00f3n de la Uni\u00f3n Tranviarios Automotor (UTA) se manifestaron en distintos accesos a la Capital Federal, principalmente sobre la avenida General Paz, a la altura del barrio porte\u00f1o de Liniers, y en el Puente Pueyrred\u00f3n.<\/p>\n\n\n\n<p>&nbsp;&nbsp; A pesar de la presencia policial, los colectiveros impidieron el paso de veh\u00edculos, por lo que la protesta gener\u00f3 serios trastornos en el tr\u00e1nsito vehicular hacia la Ciudad desde el sur y el oeste del Gran Buenos Aires.<\/p>\n\n\n\n<p>&nbsp;&nbsp; En un primer momento, cuando los choferes se encontraban sobre la avenida Rivadavia, tom\u00f3 intervenci\u00f3n personal de la Polic\u00eda de la Ciudad, pero cuando la protesta se traslad\u00f3 a la General Paz, qued\u00f3 en manos de fuerzas federales.<\/p>\n\n\n\n<p>&nbsp;&nbsp; Por la ma\u00f1ana hubo momentos de tensi\u00f3n con la Polic\u00eda de la Ciudad y pasadas las 14:00 efectivos de Infanter\u00eda tomaron participaci\u00f3n en el operativo para tratar de garantizar el despeje de carriles de la General Paz.<\/p>\n\n\n\n<p>&nbsp;&nbsp; Por otro lado, otro grupo de conductores realiz\u00f3 otra protesta en el Puente Pueyrred\u00f3n, mientras interven\u00edan en el lugar efectivos de Prefectura Naval.<\/p>\n\n\n\n<p>&nbsp;&nbsp; En medio de un clima de cierta tensi\u00f3n los choferes protestan por tercera semana consecutiva por la demanda de una recomposici\u00f3n de sueldos para llevarlos a un m\u00ednimo de 100 mil pesos.<\/p>\n\n\n\n<p>&nbsp;&nbsp; Asimismo, los choferes, que son considerados trabajadores esenciales en el contexto de las medidas preventivas por la pandemia del coronavirus, tambi\u00e9n reclaman ser tenidos en cuenta al momento de entregar vacunas contra el coronavirus para estar protegidos, como el personal sanitario, docentes y fuerzas de seguridad.<\/p>\n","protected":false},"excerpt":{"rendered":"<p>Choferes de micros y transportistas que brindan servicios para empresas de turismo manten\u00edan hoy cortada la avenida 9 de Julio para reclamar que se les permita retomar su actividad mientras que un sector del gremio de colectiveros hizo lo propio en Liniers y el Puente Pueyrred\u00f3n, en reclamo de aumento salarial y vacunas. &nbsp; Desde [&hellip;]<\/p>\n","protected":false},"author":2,"featured_media":1963,"comment_status":"open","ping_status":"open","sticky":false,"template":"","format":"standard","meta":{"footnotes":""},"categories":[43],"tags":[],"class_list":["post-1962","post","type-post","status-publish","format-standard","has-post-thumbnail","hentry","category-politica"],"_links":{"self":[{"href":"https:\/\/infoactual.com.ar\/index.php\/wp-json\/wp\/v2\/posts\/1962","targetHints":{"allow":["GET"]}}],"collection":[{"href":"https:\/\/infoactual.com.ar\/index.php\/wp-json\/wp\/v2\/posts"}],"about":[{"href":"https:\/\/infoactual.com.ar\/index.php\/wp-json\/wp\/v2\/types\/post"}],"author":[{"embeddable":true,"href":"https:\/\/infoactual.com.ar\/index.php\/wp-json\/wp\/v2\/users\/2"}],"replies":[{"embeddable":true,"href":"https:\/\/infoactual.com.ar\/index.php\/wp-json\/wp\/v2\/comments?post=1962"}],"version-history":[{"count":1,"href":"https:\/\/infoactual.com.ar\/index.php\/wp-json\/wp\/v2\/posts\/1962\/revisions"}],"predecessor-version":[{"id":1964,"href":"https:\/\/infoactual.com.ar\/index.php\/wp-json\/wp\/v2\/posts\/1962\/revisions\/1964"}],"wp:featuredmedia":[{"embeddable":true,"href":"https:\/\/infoactual.com.ar\/index.php\/wp-json\/wp\/v2\/media\/1963"}],"wp:attachment":[{"href":"https:\/\/infoactual.com.ar\/index.php\/wp-json\/wp\/v2\/media?parent=1962"}],"wp:term":[{"taxonomy":"category","embeddable":true,"href":"https:\/\/infoactual.com.ar\/index.php\/wp-json\/wp\/v2\/categories?post=1962"},{"taxonomy":"post_tag","embeddable":true,"href":"https:\/\/infoactual.com.ar\/index.php\/wp-json\/wp\/v2\/tags?post=1962"}],"curies":[{"name":"wp","href":"https:\/\/api.w.org\/{rel}","templated":true}]}}