{"id":1965,"date":"2021-05-11T21:04:02","date_gmt":"2021-05-11T21:04:02","guid":{"rendered":"http:\/\/infoactual.com.ar\/?p=1965"},"modified":"2021-05-11T21:04:04","modified_gmt":"2021-05-11T21:04:04","slug":"la-provincia-apunto-a-macri-por-vacunarse-en-miami-y-cuestiono-su-prepotencia","status":"publish","type":"post","link":"https:\/\/infoactual.com.ar\/index.php\/2021\/05\/11\/la-provincia-apunto-a-macri-por-vacunarse-en-miami-y-cuestiono-su-prepotencia\/","title":{"rendered":"LA PROVINCIA APUNT\u00d3 A MACRI POR VACUNARSE EN MIAMI Y CUESTION\u00d3 SU \u00abPREPOTENCIA\u00bb"},"content":{"rendered":"\n<p><strong>El jefe de Gabinete bonaerense, Carlos Bianco, cuestion\u00f3 hoy la \u00abprepotencia del poder y la riqueza\u00bb del ex presidente Mauricio Macri por haberse vacunado en Miami y afirm\u00f3 que las cr\u00edticas que hizo a la campa\u00f1a de vacunaci\u00f3n fue porque \u00ablo engancharon en off side, haciendo algo que dijo que no iba a hacer\u00bb.<\/strong><\/p>\n\n\n\n<p>&nbsp; &nbsp;\u00abNo me merece ninguna opini\u00f3n en particular. Est\u00e1 en su derecho hacerlo. Me parece contradictorio con algo que hab\u00eda dicho de que se iba a vacunar luego de que el \u00faltimo de los trabajadores esenciales ya est\u00e9 vacunado\u00bb, sostuvo el funcionario provincial.<\/p>\n\n\n\n<p>&nbsp;&nbsp; En conferencia de prensa, el ministro coordinador bonaerense apunt\u00f3 a que el l\u00edder del PRO actu\u00f3 \u00abcomo hacen los poderosos, por la prepotencia de su poder, de su riqueza, pueden tener algunos privilegios, que en general la poblaci\u00f3n no puede tener, como tomarse un avi\u00f3n y pagar una vacuna, si es que la pag\u00f3\u00bb.<\/p>\n\n\n\n<p>&nbsp;&nbsp; \u00abNo me extra\u00f1a. Es la forma en que ha actuado toda su vida\u00bb, a\u00f1adi\u00f3.<\/p>\n\n\n\n<p>&nbsp;&nbsp; Adem\u00e1s, tambi\u00e9n rechaz\u00f3 las cr\u00edticas que hizo Macri al plan de vacunaci\u00f3n. \u00abEstando en EE.UU. pude comprobar que las vacunas se aplican en cualquier lado, desde las playas hasta los centros comerciales, e incluso en las farmacias. Yo mismo me he podido aplicar en una farmacia la vacuna monodosis de Johnson. Recordemos que la Argentina podr\u00eda haber tenido a su disposici\u00f3n millones de vacunas que no supo negociar\u00bb, hab\u00eda afirmado el ex jefe de Estado.<\/p>\n\n\n\n<p>&nbsp;&nbsp; \u00abQue mire los n\u00fameros: tenemos millones de vacunas. Somos uno de los 15 pa\u00edses que m\u00e1s vacunas han recibido respecto de la poblaci\u00f3n. Estamos muy por encima del promedio latinoamericano y mundial. Es una chicana m\u00e1s. Lo sorprendieron en off side respecto de cosas que hab\u00eda dicho en su momento para utilizarlas pol\u00edticamente\u00bb, subray\u00f3 Bianco.<\/p>\n\n\n\n<p>&nbsp;&nbsp; Y compar\u00f3: \u00abEs como cuando a los chicos o los perritos los encontr\u00e1s haciendo una macana que bajan la cola y quieren dar alguna excusa. Es lo mismo: lo engancharon en off side haciendo algo que dijo que no iba a hacer e intenta salir por la tangente criticando la falta de vacunas en el pa\u00eds\u00bb.<\/p>\n\n\n\n<p>&nbsp;&nbsp; En ese sentido, se quej\u00f3 de que Macri \u00absiempre estuvo poniendo palos en la rueda y en contra respecto a todo: las medidas de cuidado, el aislamiento, las vacunas\u00bb y concluy\u00f3: \u00abHace un a\u00f1o y pico que inoculan odio. Nosotros inoculamos vacunas, que es inocular amor\u00bb.<\/p>\n","protected":false},"excerpt":{"rendered":"<p>El jefe de Gabinete bonaerense, Carlos Bianco, cuestion\u00f3 hoy la \u00abprepotencia del poder y la riqueza\u00bb del ex presidente Mauricio Macri por haberse vacunado en Miami y afirm\u00f3 que las cr\u00edticas que hizo a la campa\u00f1a de vacunaci\u00f3n fue porque \u00ablo engancharon en off side, haciendo algo que dijo que no iba a hacer\u00bb. &nbsp; [&hellip;]<\/p>\n","protected":false},"author":2,"featured_media":1966,"comment_status":"open","ping_status":"open","sticky":false,"template":"","format":"standard","meta":{"footnotes":""},"categories":[43],"tags":[],"class_list":["post-1965","post","type-post","status-publish","format-standard","has-post-thumbnail","hentry","category-politica"],"_links":{"self":[{"href":"https:\/\/infoactual.com.ar\/index.php\/wp-json\/wp\/v2\/posts\/1965","targetHints":{"allow":["GET"]}}],"collection":[{"href":"https:\/\/infoactual.com.ar\/index.php\/wp-json\/wp\/v2\/posts"}],"about":[{"href":"https:\/\/infoactual.com.ar\/index.php\/wp-json\/wp\/v2\/types\/post"}],"author":[{"embeddable":true,"href":"https:\/\/infoactual.com.ar\/index.php\/wp-json\/wp\/v2\/users\/2"}],"replies":[{"embeddable":true,"href":"https:\/\/infoactual.com.ar\/index.php\/wp-json\/wp\/v2\/comments?post=1965"}],"version-history":[{"count":1,"href":"https:\/\/infoactual.com.ar\/index.php\/wp-json\/wp\/v2\/posts\/1965\/revisions"}],"predecessor-version":[{"id":1967,"href":"https:\/\/infoactual.com.ar\/index.php\/wp-json\/wp\/v2\/posts\/1965\/revisions\/1967"}],"wp:featuredmedia":[{"embeddable":true,"href":"https:\/\/infoactual.com.ar\/index.php\/wp-json\/wp\/v2\/media\/1966"}],"wp:attachment":[{"href":"https:\/\/infoactual.com.ar\/index.php\/wp-json\/wp\/v2\/media?parent=1965"}],"wp:term":[{"taxonomy":"category","embeddable":true,"href":"https:\/\/infoactual.com.ar\/index.php\/wp-json\/wp\/v2\/categories?post=1965"},{"taxonomy":"post_tag","embeddable":true,"href":"https:\/\/infoactual.com.ar\/index.php\/wp-json\/wp\/v2\/tags?post=1965"}],"curies":[{"name":"wp","href":"https:\/\/api.w.org\/{rel}","templated":true}]}}