{"id":2042,"date":"2021-05-13T16:45:06","date_gmt":"2021-05-13T16:45:06","guid":{"rendered":"http:\/\/infoactual.com.ar\/?p=2042"},"modified":"2021-05-13T16:45:07","modified_gmt":"2021-05-13T16:45:07","slug":"ypf-se-prepara-para-aumentar-el-precio-de-los-combustibles","status":"publish","type":"post","link":"https:\/\/infoactual.com.ar\/index.php\/2021\/05\/13\/ypf-se-prepara-para-aumentar-el-precio-de-los-combustibles\/","title":{"rendered":"YPF SE PREPARA PARA AUMENTAR EL PRECIO DE LOS COMBUSTIBLES"},"content":{"rendered":"\n<p><strong>El presidente de YPF, Pablo Gonz\u00e1lez, ratific\u00f3 hoy que los precios de sus combustibles aumentar\u00e1n en los pr\u00f3ximos d\u00edas, pero garantiz\u00f3 que, en todo el a\u00f1o, el ajuste trepar\u00e1 al 28,1%, \u00abpor debajo de la inflaci\u00f3n establecida en el Presupuesto&nbsp;Nacional\u00bb.<\/strong><\/p>\n\n\n\n<p>&nbsp; &nbsp;Si bien no brind\u00f3 detalles acerca de cu\u00e1l ser\u00e1 el monto del aumento, trascendi\u00f3 que se ubicar\u00eda en torno al 5%.<\/p>\n\n\n\n<p>&nbsp;&nbsp; \u00abEstamos tratando de equilibrar el precio del surtidor que paga la gente, que tiene un componente bastante complejo a determinar, con el plan de inversiones que la Argentina necesita para poder poner en valor la producci\u00f3n de gas y petr\u00f3leo\u00bb, justific\u00f3 el funcionario.<\/p>\n\n\n\n<p>&nbsp;&nbsp; Gonz\u00e1lez explic\u00f3 que el precio del barril de crudo \u00abest\u00e1 cotizando a unos US$69 y si hubi\u00e9semos trasladado ese precio internacional directo al surtidor, hoy la gente estar\u00eda pagando $130 -en promedio- el litro de nafta\u00bb.<\/p>\n\n\n\n<p>&nbsp;&nbsp; \u00abPor eso, hubo que equilibrar (la situaci\u00f3n) y darle previsibilidad al sector, acompa\u00f1ar la pol\u00edtica energ\u00e9tica del Gobierno nacional y pedirle a la gente un esfuerzo, con la garant\u00eda de que son los \u00faltimos aumentos del a\u00f1o y que en funci\u00f3n de esto YPF va a poder invertir lo que necesita e impedir que se importe combustible\u00bb, enfatiz\u00f3 el titular de la petrolera, en declaraciones radiales.<\/p>\n\n\n\n<p>&nbsp;&nbsp; En tal sentido, indic\u00f3 que YPF \u00ababastece el 55% del mercado y el resto, muchas de las dem\u00e1s empresas, tienen que importar el crudo para refinarlo y venderlo. Si importan a US$s69 va a llegar un momento que no podr\u00e1n vender. Y corremos riesgo de perder el abastecimiento del combustible\u00bb.<\/p>\n\n\n\n<p>&nbsp;&nbsp; Adem\u00e1s, garantiz\u00f3 que este a\u00f1o \u00abla nafta va a aumentar menos que la inflaci\u00f3n establecida en el Presupuesto de la Naci\u00f3n\u00bb, y estim\u00f3 que ese ajuste ser\u00e1 del 28,1%.<\/p>\n\n\n\n<p>&nbsp;&nbsp; Seg\u00fan dijo, \u00abese es el compromiso que hemos asumido y el plan que venimos preparando\u00bb.<\/p>\n\n\n\n<p>&nbsp;&nbsp; El presidente de YPF subray\u00f3 que durante la gesti\u00f3n de Mauricio Macri, el precio de los combustibles subi\u00f3 31% (en 2016), 32% (en 2017), 69% (en 2018) y 44% hasta agosto de 2019.<\/p>\n\n\n\n<p>&nbsp;&nbsp; \u00abEl 15 de agosto de 2019, el Poder Ejecutivo Nacional, de manera inconsulta, emiti\u00f3 un DNU donde estableci\u00f3 un precio ficticio del barril de crudo, anclaron el d\u00f3lar al 9 de agosto y congelaron el precio de la nafta. Fue una medida netamente electoral. O sea, aument\u00f3 un 176% el precio y se cay\u00f3 la inversi\u00f3n y la producci\u00f3n\u00bb, se quej\u00f3.<\/p>\n\n\n\n<p>&nbsp;&nbsp; En este marco, Gonz\u00e1lez asegur\u00f3 que la empresa de mayor\u00eda estatal \u00abva a ser la que m\u00e1s va invertir en el pa\u00eds en materia energ\u00e9tica, unos US$2.700 millones, de los cuales hay US$600 para el plan GasAr y el resto para producir petr\u00f3leo\u00bb.<\/p>\n\n\n\n<p>&nbsp;&nbsp; El funcionario coment\u00f3 tambi\u00e9n que \u00absi sal\u00edamos a buscar deuda el mes pasado nos quer\u00edan cobrar una tasa del 15% y no nos parec\u00eda bien. YPF tiene un valor de US$s8.000 millones, pero con la segunda reserva de gas no convencional del mundo y la cuarta de petr\u00f3leo no convencional, es mucho m\u00e1s\u00bb.<\/p>\n\n\n\n<p>&nbsp;&nbsp; \u00abTenemos un potencial que nos ubica en lugar de privilegio entre los actores del mercado. El trimestre pasado bajamos la deuda y preferimos tomar liquidez para hacerlo. Pero todav\u00eda estamos trabajando en equilibro del precio internacional, que no es igual al resto de los servicios de la Argentina, y que no se puede trasladar esa volatilidad a la gente porque pagar\u00eda muy caro el combustible\u00bb,<\/p>\n","protected":false},"excerpt":{"rendered":"<p>El presidente de YPF, Pablo Gonz\u00e1lez, ratific\u00f3 hoy que los precios de sus combustibles aumentar\u00e1n en los pr\u00f3ximos d\u00edas, pero garantiz\u00f3 que, en todo el a\u00f1o, el ajuste trepar\u00e1 al 28,1%, \u00abpor debajo de la inflaci\u00f3n establecida en el Presupuesto&nbsp;Nacional\u00bb. &nbsp; &nbsp;Si bien no brind\u00f3 detalles acerca de cu\u00e1l ser\u00e1 el monto del aumento, trascendi\u00f3 [&hellip;]<\/p>\n","protected":false},"author":2,"featured_media":2043,"comment_status":"open","ping_status":"open","sticky":false,"template":"","format":"standard","meta":{"footnotes":""},"categories":[44],"tags":[48],"class_list":["post-2042","post","type-post","status-publish","format-standard","has-post-thumbnail","hentry","category-economia","tag-destacada"],"_links":{"self":[{"href":"https:\/\/infoactual.com.ar\/index.php\/wp-json\/wp\/v2\/posts\/2042","targetHints":{"allow":["GET"]}}],"collection":[{"href":"https:\/\/infoactual.com.ar\/index.php\/wp-json\/wp\/v2\/posts"}],"about":[{"href":"https:\/\/infoactual.com.ar\/index.php\/wp-json\/wp\/v2\/types\/post"}],"author":[{"embeddable":true,"href":"https:\/\/infoactual.com.ar\/index.php\/wp-json\/wp\/v2\/users\/2"}],"replies":[{"embeddable":true,"href":"https:\/\/infoactual.com.ar\/index.php\/wp-json\/wp\/v2\/comments?post=2042"}],"version-history":[{"count":1,"href":"https:\/\/infoactual.com.ar\/index.php\/wp-json\/wp\/v2\/posts\/2042\/revisions"}],"predecessor-version":[{"id":2044,"href":"https:\/\/infoactual.com.ar\/index.php\/wp-json\/wp\/v2\/posts\/2042\/revisions\/2044"}],"wp:featuredmedia":[{"embeddable":true,"href":"https:\/\/infoactual.com.ar\/index.php\/wp-json\/wp\/v2\/media\/2043"}],"wp:attachment":[{"href":"https:\/\/infoactual.com.ar\/index.php\/wp-json\/wp\/v2\/media?parent=2042"}],"wp:term":[{"taxonomy":"category","embeddable":true,"href":"https:\/\/infoactual.com.ar\/index.php\/wp-json\/wp\/v2\/categories?post=2042"},{"taxonomy":"post_tag","embeddable":true,"href":"https:\/\/infoactual.com.ar\/index.php\/wp-json\/wp\/v2\/tags?post=2042"}],"curies":[{"name":"wp","href":"https:\/\/api.w.org\/{rel}","templated":true}]}}