{"id":2048,"date":"2021-05-14T14:20:28","date_gmt":"2021-05-14T14:20:28","guid":{"rendered":"http:\/\/infoactual.com.ar\/?p=2048"},"modified":"2021-05-14T14:20:30","modified_gmt":"2021-05-14T14:20:30","slug":"catamarca-esta-en-semaforo-rojo-con-600-contagios-en-las-ultimas-horas-y-el-95-por-ciento-de-las-camas-ocupadas","status":"publish","type":"post","link":"https:\/\/infoactual.com.ar\/index.php\/2021\/05\/14\/catamarca-esta-en-semaforo-rojo-con-600-contagios-en-las-ultimas-horas-y-el-95-por-ciento-de-las-camas-ocupadas\/","title":{"rendered":"CATAMARCA EST\u00c1 \u00abEN SEM\u00c1FORO ROJO\u00bb CON 600 CONTAGIOS EN LAS \u00daLTIMAS HORAS Y EL 95 POR CIENTO DE LAS CAMAS OCUPADAS"},"content":{"rendered":"\n<p><strong>El gobernador de Catamarca Ra\u00fal Jalil, confirm\u00f3 hoy que la provincia est\u00e1 \u00aben sem\u00e1foro rojo\u00bb con la ocupaci\u00f3n del 95 por ciento de las camas con ox\u00edgeno que dispone el hospital de atenci\u00f3n exclusiva a los enfermos de Covid, que en los \u00faltimas dos jornadas sum\u00f3 \u00ab600 contagios\u00bb.<\/strong><\/p>\n\n\n\n<p>&nbsp; &nbsp;\u00abEntre ayer y anteayer hemos tenido 600 nuevos casos\u00bb, precis\u00f3 el gobernador, quien adem\u00e1s indic\u00f3 que a partir del cruce estad\u00edstico de \u00abcontagiados con los vacunados\u00bb se observ\u00f3 que los que recibieron su dosis hace m\u00e1s de 30 d\u00edas \u00abno usan\u00bb el servicio de internaci\u00f3n en su gran mayor\u00eda.<\/p>\n\n\n\n<p>&nbsp;&nbsp; En di\u00e1logo con el programa Ruleta Rusa que conduce Nancy Pazos por la radio Rock and Pop, aclar\u00f3 que algunos de los mencionados pacientes \u00abse quedan en la casa con un control m\u00e9dico\u00bb y se les ense\u00f1a que hacer sobre el nivel de oxigenaci\u00f3n mediante la entrega de \u00abox\u00edmetros\u00bb a los enfermos de Covid.<\/p>\n\n\n\n<p>&nbsp;&nbsp; Jalil, explic\u00f3 que la provincia est\u00e1 cursando un alto nivel de contagios por eso est\u00e1n ante un \u00absem\u00e1foro rojo\u00bb establecido por el cruzamiento estad\u00edstico entre la cantidad de camas, los vacunados y los contagiados seg\u00fan el estudio epidemiol\u00f3gico.<\/p>\n\n\n\n<p>&nbsp;&nbsp; Adem\u00e1s explic\u00f3 que, a partir del alto nivel de la demanda de internaci\u00f3n entre las personas m\u00e1s j\u00f3venes de 40 a\u00f1os, el centro de salud monovalente sumar\u00e1 20 camas a las 120 que por estas horas est\u00e1n ocupadas.<\/p>\n\n\n\n<p>&nbsp;&nbsp; Tambi\u00e9n expres\u00f3 su apoyo al proyecto de ley que debate el Congreso para otorgarle superpoderes al presidente Alberto Fern\u00e1ndez mediante atribuciones que le permitir\u00e1 administrar las medidas restrictivas de acuerdo con el nivel de la curva de contagios de coronavirus.<\/p>\n\n\n\n<p>&nbsp;&nbsp; \u00abCuando comenz\u00f3 la pandemia hicimos un hospital monovalente con 120 camas con ox\u00edgeno, con buen resultado por el bajo nivel de letalidad\u00bb, afirm\u00f3 el mandatario tras precisar que en Catamarca hay \u00ab100 mil personas vacunadas\u00bb.<\/p>\n\n\n\n<p>&nbsp;&nbsp; Asimismo aclar\u00f3 que \u00abahora se enferma gente muy joven, de 40 a\u00f1os, con alguna comorbilidad\u00bb y dijo que \u00abest\u00e1n m\u00e1s tiempo en la terapia intensiva\u00bb.<\/p>\n","protected":false},"excerpt":{"rendered":"<p>El gobernador de Catamarca Ra\u00fal Jalil, confirm\u00f3 hoy que la provincia est\u00e1 \u00aben sem\u00e1foro rojo\u00bb con la ocupaci\u00f3n del 95 por ciento de las camas con ox\u00edgeno que dispone el hospital de atenci\u00f3n exclusiva a los enfermos de Covid, que en los \u00faltimas dos jornadas sum\u00f3 \u00ab600 contagios\u00bb. &nbsp; &nbsp;\u00abEntre ayer y anteayer hemos tenido [&hellip;]<\/p>\n","protected":false},"author":2,"featured_media":2049,"comment_status":"open","ping_status":"open","sticky":false,"template":"","format":"standard","meta":{"footnotes":""},"categories":[51],"tags":[48],"class_list":["post-2048","post","type-post","status-publish","format-standard","has-post-thumbnail","hentry","category-provincias","tag-destacada"],"_links":{"self":[{"href":"https:\/\/infoactual.com.ar\/index.php\/wp-json\/wp\/v2\/posts\/2048","targetHints":{"allow":["GET"]}}],"collection":[{"href":"https:\/\/infoactual.com.ar\/index.php\/wp-json\/wp\/v2\/posts"}],"about":[{"href":"https:\/\/infoactual.com.ar\/index.php\/wp-json\/wp\/v2\/types\/post"}],"author":[{"embeddable":true,"href":"https:\/\/infoactual.com.ar\/index.php\/wp-json\/wp\/v2\/users\/2"}],"replies":[{"embeddable":true,"href":"https:\/\/infoactual.com.ar\/index.php\/wp-json\/wp\/v2\/comments?post=2048"}],"version-history":[{"count":1,"href":"https:\/\/infoactual.com.ar\/index.php\/wp-json\/wp\/v2\/posts\/2048\/revisions"}],"predecessor-version":[{"id":2050,"href":"https:\/\/infoactual.com.ar\/index.php\/wp-json\/wp\/v2\/posts\/2048\/revisions\/2050"}],"wp:featuredmedia":[{"embeddable":true,"href":"https:\/\/infoactual.com.ar\/index.php\/wp-json\/wp\/v2\/media\/2049"}],"wp:attachment":[{"href":"https:\/\/infoactual.com.ar\/index.php\/wp-json\/wp\/v2\/media?parent=2048"}],"wp:term":[{"taxonomy":"category","embeddable":true,"href":"https:\/\/infoactual.com.ar\/index.php\/wp-json\/wp\/v2\/categories?post=2048"},{"taxonomy":"post_tag","embeddable":true,"href":"https:\/\/infoactual.com.ar\/index.php\/wp-json\/wp\/v2\/tags?post=2048"}],"curies":[{"name":"wp","href":"https:\/\/api.w.org\/{rel}","templated":true}]}}