{"id":2054,"date":"2021-05-14T14:32:14","date_gmt":"2021-05-14T14:32:14","guid":{"rendered":"http:\/\/infoactual.com.ar\/?p=2054"},"modified":"2021-05-14T14:32:16","modified_gmt":"2021-05-14T14:32:16","slug":"casacion-confirma-condenas-del-ex-comisario-etchecolatz-y-ex-jefe-militar","status":"publish","type":"post","link":"https:\/\/infoactual.com.ar\/index.php\/2021\/05\/14\/casacion-confirma-condenas-del-ex-comisario-etchecolatz-y-ex-jefe-militar\/","title":{"rendered":"CASACI\u00d3N CONFIRMA CONDENAS DEL EX COMISARIO ETCHECOLATZ Y EX JEFE MILITAR"},"content":{"rendered":"\n<p><strong>La C\u00e1mara Federal de Casaci\u00f3n Penal confirm\u00f3 las condenas del ex comisario Miguel Osvaldo Etchecolatz y el ex jefe militar Federico Antonio Minicucci, en el marco de delitos de lesa humanidad perpetrados durante la \u00faltima dictadura militar en la causa \u00abPuente 12\u00bb.<\/strong><\/p>\n\n\n\n<p>&nbsp; &nbsp;Lo hizo la Sala IV que adem\u00e1s ratific\u00f3 penas de hasta 8 a\u00f1os para otros acusados en la causa.<\/p>\n\n\n\n<p>&nbsp;&nbsp; El caso es por delitos de lesa humanidad e imprescriptibles cometidos en el Centro Clandestino de Detenci\u00f3n de la Divisi\u00f3n Cuatrerismo de la Brigada G\u00fcemes en La Matanza y en la Comisar\u00eda 1\u00b0 de Monte Grande, conocido como \u00abPuente 12\u00bb.<\/p>\n\n\n\n<p>&nbsp;&nbsp; Ante un planteo de nulidades, entre ellas de la defensa de Etchecolatz, se pronunci\u00f3 la sala IV que reclam\u00f3 que por los mismos hechos ya hab\u00eda sido juzgado y no se lo pod\u00eda someter a juicio nuevamente.<\/p>\n\n\n\n<p>&nbsp;&nbsp; La mayor\u00eda de los acusados argument\u00f3 la violaci\u00f3n de la defensa en juicio, lo que previamente hab\u00eda sido rechazado en instancias anteriores.<\/p>\n\n\n\n<p>&nbsp;&nbsp; Etchecolatz y Minicucci recibieron por parte del Tribunal Oral Federal 6 la condena a perpetua que ahora fue ratificada.<\/p>\n\n\n\n<p>&nbsp;&nbsp; En su fallo, la Sala IV revoc\u00f3 las absoluciones del ex oficial subinspector de la Direcci\u00f3n General de Investigaciones de la polic\u00eda bonaerense, Jos\u00e9 F\u00e9lix Madrid y de los ex cabos de la Divisi\u00f3n Cuatrerismo de La Matanza, Carlos Alberto Tarantino y \u00c1ngel Salerno.<\/p>\n\n\n\n<p>&nbsp;&nbsp; En otro apartado, confirm\u00f3 la condenas de hasta 8 a\u00f1os para Alberto Faustino Bulacio, Daniel Francisco Mancuso, y Nildo Jes\u00fas Delgado.<\/p>\n","protected":false},"excerpt":{"rendered":"<p>La C\u00e1mara Federal de Casaci\u00f3n Penal confirm\u00f3 las condenas del ex comisario Miguel Osvaldo Etchecolatz y el ex jefe militar Federico Antonio Minicucci, en el marco de delitos de lesa humanidad perpetrados durante la \u00faltima dictadura militar en la causa \u00abPuente 12\u00bb. &nbsp; &nbsp;Lo hizo la Sala IV que adem\u00e1s ratific\u00f3 penas de hasta 8 [&hellip;]<\/p>\n","protected":false},"author":2,"featured_media":2055,"comment_status":"open","ping_status":"open","sticky":false,"template":"","format":"standard","meta":{"footnotes":""},"categories":[43],"tags":[],"class_list":["post-2054","post","type-post","status-publish","format-standard","has-post-thumbnail","hentry","category-politica"],"_links":{"self":[{"href":"https:\/\/infoactual.com.ar\/index.php\/wp-json\/wp\/v2\/posts\/2054","targetHints":{"allow":["GET"]}}],"collection":[{"href":"https:\/\/infoactual.com.ar\/index.php\/wp-json\/wp\/v2\/posts"}],"about":[{"href":"https:\/\/infoactual.com.ar\/index.php\/wp-json\/wp\/v2\/types\/post"}],"author":[{"embeddable":true,"href":"https:\/\/infoactual.com.ar\/index.php\/wp-json\/wp\/v2\/users\/2"}],"replies":[{"embeddable":true,"href":"https:\/\/infoactual.com.ar\/index.php\/wp-json\/wp\/v2\/comments?post=2054"}],"version-history":[{"count":1,"href":"https:\/\/infoactual.com.ar\/index.php\/wp-json\/wp\/v2\/posts\/2054\/revisions"}],"predecessor-version":[{"id":2056,"href":"https:\/\/infoactual.com.ar\/index.php\/wp-json\/wp\/v2\/posts\/2054\/revisions\/2056"}],"wp:featuredmedia":[{"embeddable":true,"href":"https:\/\/infoactual.com.ar\/index.php\/wp-json\/wp\/v2\/media\/2055"}],"wp:attachment":[{"href":"https:\/\/infoactual.com.ar\/index.php\/wp-json\/wp\/v2\/media?parent=2054"}],"wp:term":[{"taxonomy":"category","embeddable":true,"href":"https:\/\/infoactual.com.ar\/index.php\/wp-json\/wp\/v2\/categories?post=2054"},{"taxonomy":"post_tag","embeddable":true,"href":"https:\/\/infoactual.com.ar\/index.php\/wp-json\/wp\/v2\/tags?post=2054"}],"curies":[{"name":"wp","href":"https:\/\/api.w.org\/{rel}","templated":true}]}}