{"id":2121,"date":"2021-05-16T14:46:30","date_gmt":"2021-05-16T14:46:30","guid":{"rendered":"http:\/\/infoactual.com.ar\/?p=2121"},"modified":"2021-05-16T14:46:31","modified_gmt":"2021-05-16T14:46:31","slug":"el-padre-de-ciro-el-nene-atropellado-en-dock-sud-pidio-justicia-para-que-pueda-descansar-en-paz","status":"publish","type":"post","link":"https:\/\/infoactual.com.ar\/index.php\/2021\/05\/16\/el-padre-de-ciro-el-nene-atropellado-en-dock-sud-pidio-justicia-para-que-pueda-descansar-en-paz\/","title":{"rendered":"EL PADRE DE CIRO, EL NENE ATROPELLADO EN DOCK SUD, PIDI\u00d3 \u00abJUSTICIA\u00bb PARA QUE \u00abPUEDA DESCANSAR EN PAZ\u00bb"},"content":{"rendered":"\n<p><strong>El padre de Ciro, el nene de cuatro a\u00f1os que fue atropellado y muri\u00f3 en la localidad bonaerense de Dock Sud, sostuvo hoy que quiere \u00abjusticia\u00bb para que su hijo \u00abpueda descansar en paz\u00bb.<\/strong><\/p>\n\n\n\n<p>&nbsp; &nbsp;\u00abNo nos van a devolver a nuestro hijo, pero nos va a ayudar a hacer el luto en paz\u00bb, expres\u00f3 esta ma\u00f1ana, mientras los integrantes de la pareja detenida, Jonathan Luis Auton, de 31 a\u00f1os, y su cu\u00f1ada, Cinthia Ayelen Quinteros, de 23, declaraban como imputados ante la fiscal de Avellaneda Mar\u00eda Aljandra D\u00edaz Coronel.<\/p>\n\n\n\n<p>&nbsp;&nbsp; En di\u00e1logo con Chiche Gelblung en el programa \u00abHola Chiche\u00bb que se emite por AM 550, Mat\u00edas, el padre del ni\u00f1o, confirm\u00f3 que la mujer ratific\u00f3 que iban en la camioneta que atropell\u00f3 a su hijo.<\/p>\n\n\n\n<p>&nbsp;&nbsp; \u00abEn la comisar\u00eda nos dijeron que la mujer aparentemente se quebr\u00f3 y confes\u00f3 que eran ellos quienes iban en el auto\u00bb, sostuvo el padre del menor.<\/p>\n\n\n\n<p>&nbsp;&nbsp; Adem\u00e1s, el padre de la v\u00edctima cont\u00f3 que apenas ocurri\u00f3 el hecho, ellos publicaron en las redes lo sucedido para pedir por testigos que hayan visto algo: \u00abNosotros apenas lo publicamos la gente entr\u00f3 a colaborar, a aportar datos y casi todos dieron la misma versi\u00f3n de esta persona, que tiene tal coche, tal patente, y as\u00ed se pudo llegar\u00bb, sostuvo.<\/p>\n\n\n\n<p>&nbsp;&nbsp; El hecho por el cual se encuentran detenidos Auton y Quinteros ocurri\u00f3 el jueves pasado en Avellaneda al 2.300 cuando el peque\u00f1o Ciro, en momentos en que se encontraba de la mano de su madre, que a su vez llevaba en brazo una hermanita, se solt\u00f3 de las manos, hizo un paso hacia la calle y fue embestido por la camioneta Fiat Palio Aventura que conduc\u00eda el hombre.<\/p>\n\n\n\n<p>&nbsp;&nbsp; Luego del accidente, el peque\u00f1o fue trasladado al Hospital Fiorito, pero muri\u00f3 antes de llegar a ser asistido.<\/p>\n\n\n\n<p>&nbsp;&nbsp; En tanto, la camioneta fue encontrada abandonada y su conductor denunci\u00f3 que fue robada.<\/p>\n\n\n\n<p>&nbsp;&nbsp; No obstante, gracias a testimonios recogidos y las im\u00e1genes tomadas por c\u00e1maras de seguridad, se logr\u00f3 la detenci\u00f3n de la pareja implicada, que seg\u00fan las averiguaciones, iban en el veh\u00edculo con un menor.<\/p>\n","protected":false},"excerpt":{"rendered":"<p>El padre de Ciro, el nene de cuatro a\u00f1os que fue atropellado y muri\u00f3 en la localidad bonaerense de Dock Sud, sostuvo hoy que quiere \u00abjusticia\u00bb para que su hijo \u00abpueda descansar en paz\u00bb. &nbsp; &nbsp;\u00abNo nos van a devolver a nuestro hijo, pero nos va a ayudar a hacer el luto en paz\u00bb, expres\u00f3 [&hellip;]<\/p>\n","protected":false},"author":2,"featured_media":2122,"comment_status":"open","ping_status":"open","sticky":false,"template":"","format":"standard","meta":{"footnotes":""},"categories":[45],"tags":[],"class_list":["post-2121","post","type-post","status-publish","format-standard","has-post-thumbnail","hentry","category-sociedad"],"_links":{"self":[{"href":"https:\/\/infoactual.com.ar\/index.php\/wp-json\/wp\/v2\/posts\/2121","targetHints":{"allow":["GET"]}}],"collection":[{"href":"https:\/\/infoactual.com.ar\/index.php\/wp-json\/wp\/v2\/posts"}],"about":[{"href":"https:\/\/infoactual.com.ar\/index.php\/wp-json\/wp\/v2\/types\/post"}],"author":[{"embeddable":true,"href":"https:\/\/infoactual.com.ar\/index.php\/wp-json\/wp\/v2\/users\/2"}],"replies":[{"embeddable":true,"href":"https:\/\/infoactual.com.ar\/index.php\/wp-json\/wp\/v2\/comments?post=2121"}],"version-history":[{"count":1,"href":"https:\/\/infoactual.com.ar\/index.php\/wp-json\/wp\/v2\/posts\/2121\/revisions"}],"predecessor-version":[{"id":2123,"href":"https:\/\/infoactual.com.ar\/index.php\/wp-json\/wp\/v2\/posts\/2121\/revisions\/2123"}],"wp:featuredmedia":[{"embeddable":true,"href":"https:\/\/infoactual.com.ar\/index.php\/wp-json\/wp\/v2\/media\/2122"}],"wp:attachment":[{"href":"https:\/\/infoactual.com.ar\/index.php\/wp-json\/wp\/v2\/media?parent=2121"}],"wp:term":[{"taxonomy":"category","embeddable":true,"href":"https:\/\/infoactual.com.ar\/index.php\/wp-json\/wp\/v2\/categories?post=2121"},{"taxonomy":"post_tag","embeddable":true,"href":"https:\/\/infoactual.com.ar\/index.php\/wp-json\/wp\/v2\/tags?post=2121"}],"curies":[{"name":"wp","href":"https:\/\/api.w.org\/{rel}","templated":true}]}}