{"id":238,"date":"2021-03-21T00:22:08","date_gmt":"2021-03-21T00:22:08","guid":{"rendered":"http:\/\/infoactual.com.ar\/?p=238"},"modified":"2021-03-21T00:47:16","modified_gmt":"2021-03-21T00:47:16","slug":"alberto-fernandez-respondio-a-la-oposicion-por-las-vacunas-quieren-que-la-compren-los-que-tengan-plata","status":"publish","type":"post","link":"https:\/\/infoactual.com.ar\/index.php\/2021\/03\/21\/alberto-fernandez-respondio-a-la-oposicion-por-las-vacunas-quieren-que-la-compren-los-que-tengan-plata\/","title":{"rendered":"ALBERTO FERN\u00c1NDEZ RESPONDI\u00d3 A LA OPOSICI\u00d3N POR LAS VACUNAS: \u00abQUIEREN QUE LA COMPREN LOS QUE TENGAN PLATA\u00bb"},"content":{"rendered":"\n<p><strong>El presidente Alberto Fern\u00e1ndez respondi\u00f3 hoy a las cr\u00edticas que distintos dirigentes de Juntos por el Cambio hicieron a la campa\u00f1a de vacunaci\u00f3n y la compra centralizada de vacunas, y sostuvo que \u00abquieren que que la compren los que tengan plata y el resto que espere\u00bb.<\/strong><\/p>\n\n\n\n<p>Durante un acto en el Espacio para la Memoria y para la Promoci\u00f3n y Defensa de los Derechos Humanos (ex ESMA), el jefe de Estado hizo referencia al reclamo de dirigentes de Juntos por el Cambio como Patricia Bullrich, para que las provincias, obras sociales y otros sectores de la salud puedan comprar vacunas y \u00absuministrarlas por su cuenta\u00bb.<\/p>\n\n\n\n<p>\u00abLos que estamos aqu\u00ed, queremos que todos y todas podamos vacunarnos, en las filas de ellos, quieren que compren la vacuna los que tienen plata, y el resto que espere. Pero la enfermedad no espera a nadie, y la vacuna por lo tanto tiene que llegar cuanto antes a todos\u00bb, sostuvo Fern\u00e1ndez.<\/p>\n\n\n\n<p>El Presidente se expres\u00f3 as\u00ed en el marco de un discurso sobre el golpe de Estado del 24 de marzo de 1976 en el critic\u00f3 que \u00abcada dos por tres en las filas de ellos aparecen los negacionistas\u00bb del terrorismo de Estado.<\/p>\n\n\n\n<p>Con esa referencia a las vacunas en medio de su discurso de cierre del homenaje a los trabajadores detenidos-desaparecidos durante la \u00faltima dictadura militar, el mandatario rechaz\u00f3 el planteo que en los \u00faltimos d\u00edas hicieron en la oposici\u00f3n.<\/p>\n\n\n\n<p>El pasado viernes, tras la llegada de otras 330 mil dosis de la vacuna Sptunik V, Bullrich cuestion\u00f3 la gesti\u00f3n de la campa\u00f1a de inmunizaci\u00f3n a trav\u00e9s de Twitter y se\u00f1al\u00f3:<\/p>\n\n\n\n<p>\u00abLlegaron solamente 330 mil vacunas, sin una proyecci\u00f3n de m\u00e1s entregas\u00bb.<\/p>\n\n\n\n<p>\u00abHay que avanzar con la democratizaci\u00f3n de su compra. Que las provincias, obras sociales y todos los sectores de la salud puedan suministrarla por su cuenta. No se trata de pol\u00edtica; se trata de nuestra salud\u00bb, afirm\u00f3 la presidenta del PRO.<\/p>\n","protected":false},"excerpt":{"rendered":"<p>El presidente Alberto Fern\u00e1ndez respondi\u00f3 hoy a las cr\u00edticas que distintos dirigentes de Juntos por el Cambio hicieron a la campa\u00f1a de vacunaci\u00f3n y la compra centralizada de vacunas, y sostuvo que \u00abquieren que que la compren los que tengan plata y el resto que espere\u00bb.<\/p>\n","protected":false},"author":2,"featured_media":239,"comment_status":"open","ping_status":"open","sticky":false,"template":"","format":"standard","meta":{"footnotes":""},"categories":[43],"tags":[48],"class_list":["post-238","post","type-post","status-publish","format-standard","has-post-thumbnail","hentry","category-politica","tag-destacada"],"_links":{"self":[{"href":"https:\/\/infoactual.com.ar\/index.php\/wp-json\/wp\/v2\/posts\/238","targetHints":{"allow":["GET"]}}],"collection":[{"href":"https:\/\/infoactual.com.ar\/index.php\/wp-json\/wp\/v2\/posts"}],"about":[{"href":"https:\/\/infoactual.com.ar\/index.php\/wp-json\/wp\/v2\/types\/post"}],"author":[{"embeddable":true,"href":"https:\/\/infoactual.com.ar\/index.php\/wp-json\/wp\/v2\/users\/2"}],"replies":[{"embeddable":true,"href":"https:\/\/infoactual.com.ar\/index.php\/wp-json\/wp\/v2\/comments?post=238"}],"version-history":[{"count":2,"href":"https:\/\/infoactual.com.ar\/index.php\/wp-json\/wp\/v2\/posts\/238\/revisions"}],"predecessor-version":[{"id":242,"href":"https:\/\/infoactual.com.ar\/index.php\/wp-json\/wp\/v2\/posts\/238\/revisions\/242"}],"wp:featuredmedia":[{"embeddable":true,"href":"https:\/\/infoactual.com.ar\/index.php\/wp-json\/wp\/v2\/media\/239"}],"wp:attachment":[{"href":"https:\/\/infoactual.com.ar\/index.php\/wp-json\/wp\/v2\/media?parent=238"}],"wp:term":[{"taxonomy":"category","embeddable":true,"href":"https:\/\/infoactual.com.ar\/index.php\/wp-json\/wp\/v2\/categories?post=238"},{"taxonomy":"post_tag","embeddable":true,"href":"https:\/\/infoactual.com.ar\/index.php\/wp-json\/wp\/v2\/tags?post=238"}],"curies":[{"name":"wp","href":"https:\/\/api.w.org\/{rel}","templated":true}]}}