{"id":2536,"date":"2021-05-28T15:10:39","date_gmt":"2021-05-28T15:10:39","guid":{"rendered":"http:\/\/infoactual.com.ar\/?p=2536"},"modified":"2021-05-28T15:10:40","modified_gmt":"2021-05-28T15:10:40","slug":"el-paro-del-campo-se-extendera-hasta-el-miercoles","status":"publish","type":"post","link":"https:\/\/infoactual.com.ar\/index.php\/2021\/05\/28\/el-paro-del-campo-se-extendera-hasta-el-miercoles\/","title":{"rendered":"EL PARO DEL CAMPO SE EXTENDER\u00c1 HASTA EL MI\u00c9RCOLES"},"content":{"rendered":"\n<p><strong>La Mesa de Enlace de entidades agropecuarias decidi\u00f3 hoy extender el cese de comercializaci\u00f3n de carnes hasta el mi\u00e9rcoles que viene, en rechazo a la decisi\u00f3n oficial de suspender las exportaciones de carne.<\/strong><\/p>\n\n\n\n<p>&nbsp; &nbsp;La medida de fuerza se iba a extender por 9 d\u00edas, hasta esta medianoche, pero los dirigentes del campo decidieron extenderla hasta el mi\u00e9rcoles 2 de junio a las 24:00.<\/p>\n\n\n\n<p>&nbsp;&nbsp; La Mesa de Enlace se reuni\u00f3 de manera virtual esta ma\u00f1ana y, si bien decidi\u00f3 continuar con la protesta, no sum\u00f3 el cese de comercializaci\u00f3n de granos, como pretend\u00edan algunas entidades del sector.<\/p>\n\n\n\n<p>&nbsp;&nbsp; Si bien hasta el momento la extensi\u00f3n del cese no se comunic\u00f3 oficialmente, fuentes de la actividad agropecuaria anticiparon a la agencia NA que la medida continuar\u00e1 por cinco d\u00edas m\u00e1s.<\/p>\n\n\n\n<p>&nbsp;&nbsp; La protesta, que se inici\u00f3 el jueves de la semana pasada, registra un alto acatamiento, ya que no hay ingreso de animales en el Mercado de Liniers y los remates de hacienda fueron suspendidos.<\/p>\n\n\n\n<p>&nbsp;&nbsp; En el transcurso de la medida de fuerza, el Gobierno mantuvo reuniones con el sector exportador para destrabar el conflicto, pero no hubo contacto con la Mesa de Enlace.<\/p>\n\n\n\n<p>&nbsp;&nbsp; Este viernes, Confederaciones Rurales Argentinas (CRA) -una de las entidades que componen la Mesa- public\u00f3 en sus redes sociales una sugestiva imagen de muchos tractores, tal vez anticipando una protesta m\u00e1s profunda.<\/p>\n\n\n\n<p>&nbsp;&nbsp; Mientras, en los \u00faltimos d\u00edas, desde la C\u00e1mara Argentina de Matarifes y Abastecedores (Camya) advirtieron que podr\u00eda faltar carne desde este lunes, como consecuencia del cese de comercializaci\u00f3n.<\/p>\n\n\n\n<p>&nbsp;&nbsp; Anoche, el presidente Alberto Fern\u00e1ndez afirm\u00f3 que las exportaciones de carnes retornar\u00e1n cuando el Gobierno tenga \u00abresuelto el tema\u00bb porque \u00abno puede faltar comida en la mesa de los argentinos\u00bb.<\/p>\n\n\n\n<p>&nbsp;&nbsp; \u00abEsper\u00e9 a los exportadores todo lo que ten\u00eda que esperar. Si se exporta el 30% de lo que se produce tenemos un problema enorme con los precios internos, y entonces si no se exporta habr\u00e1 m\u00e1s ofertas y los precios tender\u00e1n a bajar, de acuerdo a la l\u00f3gica del mercado\u00bb, explic\u00f3 el jefe de Estado, en una entrevista.<\/p>\n\n\n\n<p>&nbsp;&nbsp; Tambi\u00e9n el jueves, el jefe de Gabinete, Santiago Cafiero, asegur\u00f3: \u00abse solicit\u00f3 al sector exportador de la carne que busque un precio adecuado. La negociaci\u00f3n por el precio de la carne es sencilla. Ya hace tiempo ven\u00edamos generando di\u00e1logo con el sector exportador para buscar un precio adecuado que se estacione en las posibilidades de los ingresos que tienen las familias argentinas\u00bb.<\/p>\n","protected":false},"excerpt":{"rendered":"<p>La Mesa de Enlace de entidades agropecuarias decidi\u00f3 hoy extender el cese de comercializaci\u00f3n de carnes hasta el mi\u00e9rcoles que viene, en rechazo a la decisi\u00f3n oficial de suspender las exportaciones de carne. &nbsp; &nbsp;La medida de fuerza se iba a extender por 9 d\u00edas, hasta esta medianoche, pero los dirigentes del campo decidieron extenderla [&hellip;]<\/p>\n","protected":false},"author":2,"featured_media":0,"comment_status":"open","ping_status":"open","sticky":false,"template":"","format":"standard","meta":{"footnotes":""},"categories":[44],"tags":[48],"class_list":["post-2536","post","type-post","status-publish","format-standard","hentry","category-economia","tag-destacada"],"_links":{"self":[{"href":"https:\/\/infoactual.com.ar\/index.php\/wp-json\/wp\/v2\/posts\/2536","targetHints":{"allow":["GET"]}}],"collection":[{"href":"https:\/\/infoactual.com.ar\/index.php\/wp-json\/wp\/v2\/posts"}],"about":[{"href":"https:\/\/infoactual.com.ar\/index.php\/wp-json\/wp\/v2\/types\/post"}],"author":[{"embeddable":true,"href":"https:\/\/infoactual.com.ar\/index.php\/wp-json\/wp\/v2\/users\/2"}],"replies":[{"embeddable":true,"href":"https:\/\/infoactual.com.ar\/index.php\/wp-json\/wp\/v2\/comments?post=2536"}],"version-history":[{"count":1,"href":"https:\/\/infoactual.com.ar\/index.php\/wp-json\/wp\/v2\/posts\/2536\/revisions"}],"predecessor-version":[{"id":2537,"href":"https:\/\/infoactual.com.ar\/index.php\/wp-json\/wp\/v2\/posts\/2536\/revisions\/2537"}],"wp:attachment":[{"href":"https:\/\/infoactual.com.ar\/index.php\/wp-json\/wp\/v2\/media?parent=2536"}],"wp:term":[{"taxonomy":"category","embeddable":true,"href":"https:\/\/infoactual.com.ar\/index.php\/wp-json\/wp\/v2\/categories?post=2536"},{"taxonomy":"post_tag","embeddable":true,"href":"https:\/\/infoactual.com.ar\/index.php\/wp-json\/wp\/v2\/tags?post=2536"}],"curies":[{"name":"wp","href":"https:\/\/api.w.org\/{rel}","templated":true}]}}