{"id":2885,"date":"2021-06-07T16:31:00","date_gmt":"2021-06-07T16:31:00","guid":{"rendered":"http:\/\/infoactual.com.ar\/?p=2885"},"modified":"2021-06-07T16:32:02","modified_gmt":"2021-06-07T16:32:02","slug":"intendentes-del-grupo-dorrego-piden-reunion-con-kicillof-para-agilizar-la-vacunacion-de-los-bonaerenses","status":"publish","type":"post","link":"https:\/\/infoactual.com.ar\/index.php\/2021\/06\/07\/intendentes-del-grupo-dorrego-piden-reunion-con-kicillof-para-agilizar-la-vacunacion-de-los-bonaerenses\/","title":{"rendered":"INTENDENTES DEL GRUPO DORREGO PIDEN REUNI\u00d3N CON KICILLOF PARA \u00abAGILIZAR\u00bb LA VACUNACI\u00d3N DE LOS BONAERENSES"},"content":{"rendered":"\n<p><strong>Los intendentes del PRO que integran el Grupo Dorrego solicitaron hoy al gobernador Axel Kicillof que los convoque para \u00abagilizar\u00bb el plan de vacunaci\u00f3n contra el Covid-19 y \u00abno perder tiempo\u00bb frente a la pandemia y aplicar las vacunas \u00abr\u00e1pidamente a cada vecino\u00bb.<\/strong><\/p>\n\n\n\n<p>&nbsp; &nbsp;\u00abLos intendentes pedimos no perder tiempo, agilizar y efectivizar el plan de vacunaci\u00f3n, utilizando todos los recursos disponibles desde el estado\u00bb, afirmaron los jefes comunales de los municipios bonaerenses encabezados por la oposici\u00f3n.<\/p>\n\n\n\n<p>&nbsp;&nbsp; Si bien expresaron su reconocimiento por la llegada de m\u00e1s vacunas al pa\u00eds, insistieron en que el mandatario provincial los \u00abconvoque para agilizar el plan de vacunaci\u00f3n y garantizarles a los bonaerenses una r\u00e1pida aplicaci\u00f3n\u00bb de las dosis.<\/p>\n\n\n\n<p>&nbsp;&nbsp; Los intendentes reiteraron que \u00abes imprescindible que la provincia convoque a los municipios para que esas vacunas se apliquen\u00bb.<\/p>\n\n\n\n<p>&nbsp;&nbsp; Al respecto, indicaron que se ponen \u00aba disposici\u00f3n los Centros de Atenci\u00f3n Primaria\u00bb, como as\u00ed tambi\u00e9n \u00ablos recursos humanos que tienen las comunas, sabiendo que cada d\u00eda cuenta\u00bb para combatir el coronavirus.<\/p>\n\n\n\n<p>&nbsp;&nbsp; El llamado lo hicieron los integrantes del Grupo Dorrego, conformado por los alcaldes H\u00e9ctor Gay (Bah\u00eda Blanca), Jorge Macri (Vicente L\u00f3pez), N\u00e9stor Grindetti (Lan\u00fas), Diego Valenzuela (Tres de Febrero), Julio Garro (La Plata), Ezequiel Galli (Olavarr\u00eda), y Pablo Petrecca (Jun\u00edn).<\/p>\n","protected":false},"excerpt":{"rendered":"<p>Los intendentes del PRO que integran el Grupo Dorrego solicitaron hoy al gobernador Axel Kicillof que los convoque para \u00abagilizar\u00bb el plan de vacunaci\u00f3n contra el Covid-19 y \u00abno perder tiempo\u00bb frente a la pandemia y aplicar las vacunas \u00abr\u00e1pidamente a cada vecino\u00bb. &nbsp; &nbsp;\u00abLos intendentes pedimos no perder tiempo, agilizar y efectivizar el plan [&hellip;]<\/p>\n","protected":false},"author":2,"featured_media":2886,"comment_status":"open","ping_status":"open","sticky":false,"template":"","format":"standard","meta":{"footnotes":""},"categories":[51],"tags":[48],"class_list":["post-2885","post","type-post","status-publish","format-standard","has-post-thumbnail","hentry","category-provincias","tag-destacada"],"_links":{"self":[{"href":"https:\/\/infoactual.com.ar\/index.php\/wp-json\/wp\/v2\/posts\/2885","targetHints":{"allow":["GET"]}}],"collection":[{"href":"https:\/\/infoactual.com.ar\/index.php\/wp-json\/wp\/v2\/posts"}],"about":[{"href":"https:\/\/infoactual.com.ar\/index.php\/wp-json\/wp\/v2\/types\/post"}],"author":[{"embeddable":true,"href":"https:\/\/infoactual.com.ar\/index.php\/wp-json\/wp\/v2\/users\/2"}],"replies":[{"embeddable":true,"href":"https:\/\/infoactual.com.ar\/index.php\/wp-json\/wp\/v2\/comments?post=2885"}],"version-history":[{"count":1,"href":"https:\/\/infoactual.com.ar\/index.php\/wp-json\/wp\/v2\/posts\/2885\/revisions"}],"predecessor-version":[{"id":2887,"href":"https:\/\/infoactual.com.ar\/index.php\/wp-json\/wp\/v2\/posts\/2885\/revisions\/2887"}],"wp:featuredmedia":[{"embeddable":true,"href":"https:\/\/infoactual.com.ar\/index.php\/wp-json\/wp\/v2\/media\/2886"}],"wp:attachment":[{"href":"https:\/\/infoactual.com.ar\/index.php\/wp-json\/wp\/v2\/media?parent=2885"}],"wp:term":[{"taxonomy":"category","embeddable":true,"href":"https:\/\/infoactual.com.ar\/index.php\/wp-json\/wp\/v2\/categories?post=2885"},{"taxonomy":"post_tag","embeddable":true,"href":"https:\/\/infoactual.com.ar\/index.php\/wp-json\/wp\/v2\/tags?post=2885"}],"curies":[{"name":"wp","href":"https:\/\/api.w.org\/{rel}","templated":true}]}}