{"id":2888,"date":"2021-06-07T16:45:04","date_gmt":"2021-06-07T16:45:04","guid":{"rendered":"http:\/\/infoactual.com.ar\/?p=2888"},"modified":"2021-06-07T16:45:05","modified_gmt":"2021-06-07T16:45:05","slug":"una-encuesta-ubica-la-ocupacion-de-camas-de-terapia-intensiva-en-un-91-por-ciento-aunque-indica-meseta-o-leve-descenso","status":"publish","type":"post","link":"https:\/\/infoactual.com.ar\/index.php\/2021\/06\/07\/una-encuesta-ubica-la-ocupacion-de-camas-de-terapia-intensiva-en-un-91-por-ciento-aunque-indica-meseta-o-leve-descenso\/","title":{"rendered":"UNA ENCUESTA UBICA LA OCUPACI\u00d3N DE CAMAS DE TERAPIA INTENSIVA EN UN 91 POR CIENTO, AUNQUE INDICA \u00abMESETA O LEVE DESCENSO\u00bb"},"content":{"rendered":"\n<p><strong>La ocupaci\u00f3n de camas de terapia intensiva alcanzaba un 91 por ciento en el pa\u00eds, con un 75 por ciento de ese universo compuesto por pacientes con coronavirus, seg\u00fan una encuesta realizada por una entidad que agrupa a profesionales del sector, en la que se concluye que se puede notar una \u00abmeseta o leve descenso\u00bb en el requerimiento de atenci\u00f3n cr\u00edtica.<\/strong><\/p>\n\n\n\n<p>&nbsp; &nbsp;El trabajo realizado por la Sociedad Argentina de Terapia Intensiva (SATI) fue llevado a cabo mediante una encuesta realizada el 4 de junio pasado a 202 unidades de terapia intensiva (UTI), con un total de 3.754 camas de establecimientos p\u00fablicos y privados de todo el pa\u00eds.<\/p>\n\n\n\n<p>&nbsp;&nbsp; Sin embargo, seg\u00fan indic\u00f3 la entidad, \u00abse trata de una muestra\u00bb y no pretende contrastar con las estad\u00edsticas oficiales, que este domingo marcaban una ocupaci\u00f3n de camas del servicio de terapia intensiva del 78,1 por ciento.<\/p>\n\n\n\n<p>&nbsp;&nbsp; \u00abLa poblaci\u00f3n de estudio es un muestreo, no representa la totalidad de camas de UTI del pa\u00eds\u00bb, aclararon.<\/p>\n\n\n\n<p>&nbsp;&nbsp; Los datos recogidos en la encuesta se\u00f1alan que \u00abel 58% de las jurisdicciones tienen una ocupaci\u00f3n de camas mayor al 90%, sin embargo, en todas las provincias se observa una meseta o un leve descenso, excepto: C\u00f3rdoba, La Rioja, Santa Cruz y Tierra del Fuego\u00bb.<\/p>\n\n\n\n<p>&nbsp;&nbsp; En el caso del \u00c1rea Metropolitana de Buenos Aires (AMBA), la entidad detect\u00f3 una ocupaci\u00f3n del 94 por ciento en las UTIs, con un total de 1.416 camas y un 80 por ciento de incidencia de pacientes con Covid-19, en tanto que el 48 por ciento de las instituciones present\u00f3 capacidad de camas colmada, con un descenso del 15 por ciento en ese \u00faltimo aspecto.<\/p>\n\n\n\n<p>&nbsp;&nbsp; Los datos recogidos hacen concluir en el trabajo que \u00abla mayor\u00eda de las provincias se encuentran con una alta ocupaci\u00f3n de camas UTI, sin embargo, se observa una meseta o un leve descenso de las mismas en relaci\u00f3n a la semana anterior\u00bb.<\/p>\n\n\n\n<p>&nbsp;&nbsp; En el universo de los pacientes UTIs del pa\u00eds, el 75 por ciento requiri\u00f3 Ventilaci\u00f3n Respiratoria Mec\u00e1nica (ARM) y 7 por ciento de C\u00e1nulas de Alto Flojo (CAFO), mientras que la capacidad de expansi\u00f3n de camas fue del 13 por ciento.<\/p>\n\n\n\n<p>&nbsp;&nbsp; Entre las conclusiones del trabajo, se indic\u00f3 que se observa \u00abpacientes en ventilaci\u00f3n mec\u00e1nica en un n\u00famero considerable por fuera de la UTI\u00bb, en tanto que el 24 por ciento de las instituciones mostraron circunstancias de este tipo y el crecimiento de pacientes con Covid-19 sobre otras patolog\u00edas.<\/p>\n\n\n\n<p>&nbsp;&nbsp; Tambi\u00e9n se alert\u00f3 sobre un creciente n\u00famero de embarazadas internadas, m\u00e1s del 50 por ciento con problemas de obesidad y comorbilidades y a un 53 por ciento se les prescribi\u00f3 interrupci\u00f3n de un embarazo.<\/p>\n\n\n\n<p>&nbsp;&nbsp; Desde marzo pasado fueron internadas en UTIs 302 embarazadas y el once por ciento falleci\u00f3.<\/p>\n","protected":false},"excerpt":{"rendered":"<p>La ocupaci\u00f3n de camas de terapia intensiva alcanzaba un 91 por ciento en el pa\u00eds, con un 75 por ciento de ese universo compuesto por pacientes con coronavirus, seg\u00fan una encuesta realizada por una entidad que agrupa a profesionales del sector, en la que se concluye que se puede notar una \u00abmeseta o leve descenso\u00bb [&hellip;]<\/p>\n","protected":false},"author":2,"featured_media":2889,"comment_status":"open","ping_status":"open","sticky":false,"template":"","format":"standard","meta":{"footnotes":""},"categories":[45],"tags":[],"class_list":["post-2888","post","type-post","status-publish","format-standard","has-post-thumbnail","hentry","category-sociedad"],"_links":{"self":[{"href":"https:\/\/infoactual.com.ar\/index.php\/wp-json\/wp\/v2\/posts\/2888","targetHints":{"allow":["GET"]}}],"collection":[{"href":"https:\/\/infoactual.com.ar\/index.php\/wp-json\/wp\/v2\/posts"}],"about":[{"href":"https:\/\/infoactual.com.ar\/index.php\/wp-json\/wp\/v2\/types\/post"}],"author":[{"embeddable":true,"href":"https:\/\/infoactual.com.ar\/index.php\/wp-json\/wp\/v2\/users\/2"}],"replies":[{"embeddable":true,"href":"https:\/\/infoactual.com.ar\/index.php\/wp-json\/wp\/v2\/comments?post=2888"}],"version-history":[{"count":1,"href":"https:\/\/infoactual.com.ar\/index.php\/wp-json\/wp\/v2\/posts\/2888\/revisions"}],"predecessor-version":[{"id":2890,"href":"https:\/\/infoactual.com.ar\/index.php\/wp-json\/wp\/v2\/posts\/2888\/revisions\/2890"}],"wp:featuredmedia":[{"embeddable":true,"href":"https:\/\/infoactual.com.ar\/index.php\/wp-json\/wp\/v2\/media\/2889"}],"wp:attachment":[{"href":"https:\/\/infoactual.com.ar\/index.php\/wp-json\/wp\/v2\/media?parent=2888"}],"wp:term":[{"taxonomy":"category","embeddable":true,"href":"https:\/\/infoactual.com.ar\/index.php\/wp-json\/wp\/v2\/categories?post=2888"},{"taxonomy":"post_tag","embeddable":true,"href":"https:\/\/infoactual.com.ar\/index.php\/wp-json\/wp\/v2\/tags?post=2888"}],"curies":[{"name":"wp","href":"https:\/\/api.w.org\/{rel}","templated":true}]}}