{"id":2891,"date":"2021-06-07T16:50:53","date_gmt":"2021-06-07T16:50:53","guid":{"rendered":"http:\/\/infoactual.com.ar\/?p=2891"},"modified":"2021-06-07T16:50:54","modified_gmt":"2021-06-07T16:50:54","slug":"llaman-a-evitar-la-discriminacion-de-las-personas-con-problemas-de-salud-mental","status":"publish","type":"post","link":"https:\/\/infoactual.com.ar\/index.php\/2021\/06\/07\/llaman-a-evitar-la-discriminacion-de-las-personas-con-problemas-de-salud-mental\/","title":{"rendered":"LLAMAN A EVITAR LA DISCRIMINACI\u00d3N DE LAS PERSONAS CON PROBLEMAS DE SALUD MENTAL"},"content":{"rendered":"\n<p><strong>Un grupo de especialistas en psiquiatr\u00eda elabor\u00f3 un documento con recomendaciones en el uso de cierta terminolog\u00eda para promover que se evite discriminar involuntariamente o etiquetar las condiciones de salud y contribuyan a que las personas con enfermedades mentales sean ciudadanos de pleno derecho.<\/strong><\/p>\n\n\n\n<p>&nbsp; &nbsp;Se trata de \u00abLas palabras importan\u00bb, un trabajo del que participaron los doctores Ricardo Corral y Pedro Rafael Gargoloff y como co-autores las doctoras Martina Sobrero, Ana Clara Venancio, el doctor Marcos Yovino, la licenciada Catalina Obarrio y Marianela Su\u00e1rez.<\/p>\n\n\n\n<p>&nbsp;&nbsp; El documento tuvo un momento destacado en el foro regional \u00abHaciendo visible lo invisible: tomando conciencia de las enfermedades no transmisibles\u00bb, que se realiz\u00f3 recientemente con cinco simposios virtuales con transmisi\u00f3n central en diversos pa\u00edses de Sudam\u00e9rica y Centroam\u00e9rica, con la participaci\u00f3n de especialistas de la Regi\u00f3n Andina y el Cono Sur.<\/p>\n\n\n\n<p>&nbsp;&nbsp; Las recomendaciones vertidas en el mismo tienen por objetivo, entre otros, contribuir a evitar que se difundan falsas creencias, mitos y estereotipos que refuercen y perpet\u00faen la discriminaci\u00f3n hacia las personas con problemas en su salud mental.<\/p>\n\n\n\n<p>&nbsp;&nbsp; \u00abAfortunadamente hoy disponemos de tratamientos eficaces para los trastornos mentales y medidas que permiten aliviar el sufrimiento que causan, pero para eso los pacientes deben tener acceso a la atenci\u00f3n m\u00e9dica y a los servicios sociales que les pueden ofrecer el tratamiento que necesitan. Adem\u00e1s, es fundamental que reciban apoyo social\u00bb, afirm\u00f3 Ricardo Corral, m\u00e9dico psiquiatra, Presidente de la Asociaci\u00f3n Argentina de Psiquiatras (AAP).<\/p>\n\n\n\n<p>&nbsp;&nbsp; Por su lado, Gargoloff, quien es m\u00e9dico psiquiatra, colaborador profesional de Asociaci\u00f3n de Ayuda de Familiares de Personas que padecen Esquizofrenia, grupo de ayuda mutua de La Plata, indic\u00f3: \u00abLlamativamente, hoy en la sociedad se presenta u na situaci\u00f3n paradojal: por un lado, se ha avanzado mucho en lo que respecta al aporte de la ciencia en el diagn\u00f3stico, tratamiento y tecnolog\u00edas disponibles al servicio de las enfermedades mentales, pero -por otro- socialmente sigue siendo un tema que presenta un fuerte estigma y mucha discriminaci\u00f3n: incluso en la propia comunidad m\u00e9dica uno encuentra los mismos prejuicios. Toda esta situaci\u00f3n genera mucha angustia tanto en l os pacientes como en sus familiares\u00bb.<\/p>\n\n\n\n<p>&nbsp;&nbsp; \u00abEl cambio incluye desde apelar a la utilizaci\u00f3n de t\u00e9rminos como \u00b4problema de salud mental\u00b4 en lugar de enfermedad mental o enfermedad psiqui\u00e1trica, y hablar de \u00b4persona con esquizofrenia, trastorno bipolar, trastorno de ansiedad o depresi\u00f3n\u00b4 en lugar de definir \u00fanicamente al individuo por su condici\u00f3n de salud mental, etiquet\u00e1ndolo como \u00b4esquizofr\u00e9nico, bipolar o psic\u00f3tico\u00b4, hasta de \u2018romper\u2019 con el falso v\u00ednculo entre trastornos mentales y violencia, ya que es habitual la percepci\u00f3n de que las personas con problemas de salud mental son agresivas, peligrosas y que act\u00faan de forma irracional e inesperada, lo que para nada se ajusta a la realidad de estos pacientes\u00bb, sostuvo Corral, quien se desempe\u00f1a como Jefe del Departamento de Docencia e Investigaci\u00f3n del Hospital Borda.<\/p>\n\n\n\n<p>&nbsp;&nbsp; El documento destaca que \u00aben muchas ocasiones, sobre todo en redes sociales que fomentan la utilizaci\u00f3n de enunciados breves y llamativos, se titulan anuncios period\u00edsticos asociados a un diagn\u00f3stico de salud mental de forma alarmante y morbosa para captar la atenci\u00f3n del p\u00fablico. Como consecuencia, quedan en relaci\u00f3n estas situaciones fortuitas con los diversos problemas de salud mental. Particularmente, es com\u00fan encontrar sucesos de violencia puestos en relaci\u00f3n con trastornos de la salud mental, mientras que no existe evidencia cient\u00edfica sobre la existencia de dicho desorden\u00bb.<\/p>\n\n\n\n<p>&nbsp;&nbsp; \u00abDe hecho, con frecuencia las personas con trastornos de salud mental son v\u00edctimas de hechos de violencia y no agresores.<br>&nbsp;&nbsp;Por esto, la recomendaci\u00f3n es nombrar los problemas de salud mental de forma contextualizada y s\u00f3lo cuando es imprescindible para entender la noticia\u00bb, consign\u00f3 Gargoloff.<\/p>\n\n\n\n<p>&nbsp;&nbsp; En tanto, Corral manifest\u00f3: \u00abSi este trabajo contribuye para que comencemos a tratar con respeto a las personas con problemas de salud mental, desterrar los mitos y los estigmas que los rodean, indirectamente habremos contribuido a edificar una sociedad un poco m\u00e1s justa\u00bb.<\/p>\n\n\n\n<p>&nbsp;&nbsp; Seg\u00fan la Organizaci\u00f3n Mundial de la Salud (OMS), una de cada cuatro personas tendr\u00e1 un trastorno mental a lo largo de su vida y los problemas de salud mental ser\u00e1n la principal causa de discapacidad en el mundo en 2030.<\/p>\n\n\n\n<p>&nbsp;&nbsp; Actualmente, el 12,5% de todos los problemas de salud corresponde a los trastornos mentales, una cifra superior a las enfermedades cardiovasculares y al c\u00e1ncer.<\/p>\n\n\n\n<p>&nbsp;&nbsp; Por otro lado, el inicio de estas patolog\u00edas es temprano: uno de cada dos casos que se presentan en personas adultas comienza antes de los 15 a\u00f1os de edad y tres de cada cuatro antes de los 18, mientras que entre el 35 y el 50% de los pacientes no reciben ning\u00fan tratamiento o el que reciben no es el apropiado para su condici\u00f3n.<\/p>\n\n\n\n<p>&nbsp;&nbsp; En tanto, cerca de mil millones de personas viven con un trastorno mental y la pandemia de Covid-19 est\u00e1 afectando a miles de millones de individuos en todo el mundo, situaci\u00f3n que est\u00e1 teniendo repercusiones adicionales en la salud mental de las personas.<\/p>\n","protected":false},"excerpt":{"rendered":"<p>Un grupo de especialistas en psiquiatr\u00eda elabor\u00f3 un documento con recomendaciones en el uso de cierta terminolog\u00eda para promover que se evite discriminar involuntariamente o etiquetar las condiciones de salud y contribuyan a que las personas con enfermedades mentales sean ciudadanos de pleno derecho. &nbsp; &nbsp;Se trata de \u00abLas palabras importan\u00bb, un trabajo del que [&hellip;]<\/p>\n","protected":false},"author":2,"featured_media":2892,"comment_status":"open","ping_status":"open","sticky":false,"template":"","format":"standard","meta":{"footnotes":""},"categories":[45],"tags":[],"class_list":["post-2891","post","type-post","status-publish","format-standard","has-post-thumbnail","hentry","category-sociedad"],"_links":{"self":[{"href":"https:\/\/infoactual.com.ar\/index.php\/wp-json\/wp\/v2\/posts\/2891","targetHints":{"allow":["GET"]}}],"collection":[{"href":"https:\/\/infoactual.com.ar\/index.php\/wp-json\/wp\/v2\/posts"}],"about":[{"href":"https:\/\/infoactual.com.ar\/index.php\/wp-json\/wp\/v2\/types\/post"}],"author":[{"embeddable":true,"href":"https:\/\/infoactual.com.ar\/index.php\/wp-json\/wp\/v2\/users\/2"}],"replies":[{"embeddable":true,"href":"https:\/\/infoactual.com.ar\/index.php\/wp-json\/wp\/v2\/comments?post=2891"}],"version-history":[{"count":1,"href":"https:\/\/infoactual.com.ar\/index.php\/wp-json\/wp\/v2\/posts\/2891\/revisions"}],"predecessor-version":[{"id":2893,"href":"https:\/\/infoactual.com.ar\/index.php\/wp-json\/wp\/v2\/posts\/2891\/revisions\/2893"}],"wp:featuredmedia":[{"embeddable":true,"href":"https:\/\/infoactual.com.ar\/index.php\/wp-json\/wp\/v2\/media\/2892"}],"wp:attachment":[{"href":"https:\/\/infoactual.com.ar\/index.php\/wp-json\/wp\/v2\/media?parent=2891"}],"wp:term":[{"taxonomy":"category","embeddable":true,"href":"https:\/\/infoactual.com.ar\/index.php\/wp-json\/wp\/v2\/categories?post=2891"},{"taxonomy":"post_tag","embeddable":true,"href":"https:\/\/infoactual.com.ar\/index.php\/wp-json\/wp\/v2\/tags?post=2891"}],"curies":[{"name":"wp","href":"https:\/\/api.w.org\/{rel}","templated":true}]}}